{"id":651771,"date":"2026-01-09T13:44:19","date_gmt":"2026-01-09T13:44:19","guid":{"rendered":"https:\/\/www.europesays.com\/fr\/651771\/"},"modified":"2026-01-09T13:44:19","modified_gmt":"2026-01-09T13:44:19","slug":"20-immeubles-touches-et-quatre-morts-a-kiev-la-russie-a-tire-un-missile-hypersonique","status":"publish","type":"post","link":"https:\/\/www.europesays.com\/fr\/651771\/","title":{"rendered":"20 immeubles touch\u00e9s et quatre morts \u00e0 Kiev, la Russie a tir\u00e9 un missile hypersonique&#8230;"},"content":{"rendered":"<p>\u00ab\u00a0La moiti\u00e9\u00a0\u00bb des immeubles de Kiev sans chauffage, le maire conseille aux habitants de partir<\/p>\n<p> \u00abLa moiti\u00e9\u00a0\u00bb des immeubles d\u2019habitation \u00e0 Kiev, soit 6.000 b\u00e2timents, sont priv\u00e9s de chauffage apr\u00e8s les frappes russes nocturnes, indique le maire Vitali Klitschko. Il appelle les habitants \u00ab\u00a0qui en ont la possibilit\u00e9 de partir temporairement [\u2026], l\u00e0 o\u00f9 il existe des sources d\u2019alimentation et de chaleur\u00a0\u00bb. Il fait actuellement -8\u00a0\u00b0C dans la capitale ukrainienne.<\/p>\n<p>\u00ab\u00a0La guerre est revenue \u00e0 la mode\u00a0\u00bb, d\u00e9plore le pape L\u00e9on XIV<\/p>\n<p> \u00abLa guerre est revenue \u00e0 la mode et une ferveur guerri\u00e8re se r\u00e9pand\u00a0\u00bb, a d\u00e9nonc\u00e9 vendredi le pape L\u00e9on XIV, jugeant \u00ab\u00a0la faiblesse du multilat\u00e9ralisme sur le plan international\u00a0\u00bb \u00ab\u00a0particuli\u00e8rement pr\u00e9occupante\u00a0\u00bb.<\/p>\n<p>\u00ab\u00a0Une diplomatie qui promeut le dialogue et recherche le consensus de tous est remplac\u00e9e par une diplomatie de la force, des individus ou de groupes d\u2019alli\u00e9s\u00a0\u00bb, a-t-il fustig\u00e9 lors d\u2019un discours au Vatican devant les ambassadeurs accr\u00e9dit\u00e9s pr\u00e8s le Saint-Si\u00e8ge.<\/p>\n<p>\u00ab\u00a0Le principe \u00e9tabli apr\u00e8s la Seconde Guerre mondiale, qui interdisait aux pays d\u2019utiliser la force pour violer les fronti\u00e8res d\u2019autrui, a \u00e9t\u00e9 enfreint.\u00a0\u00bb<\/p>\n<p>20 immeubles endommag\u00e9s \u00e0 Kiev, dont l\u2019ambassade du Qatar<\/p>\n<p>L\u2019attaque nocturne russe contre l\u2019Ukraine a endommag\u00e9 20 immeubles r\u00e9sidentiels et l\u2019ambassade du Qatar \u00e0 Kiev, a indiqu\u00e9 vendredi le pr\u00e9sident ukrainien Volodymyr Zelensky sur les r\u00e9seaux sociaux.<\/p>\n<p>\u00ab\u00a0Le b\u00e2timent de l\u2019ambassade du Qatar a \u00e9t\u00e9 endommag\u00e9 par un drone russe\u00a0\u00bb, de m\u00eame que 20 immeubles r\u00e9sidentiels dans la capitale, a d\u00e9clar\u00e9 M. Zelensky. Il a aussi confirm\u00e9 le bilan de quatre morts \u00e0 Kiev.<\/p>\n<p>Le missile Orechnik peut atteindre les 12.000 km\/h<\/p>\n<p>La frappe de la nuit par un ministre Orechnik semble avoir touche l&rsquo;ouest de l&rsquo;Ukraine. Kiev redoutait que la Russie utilise de nouveau l&rsquo;Orechnik, un missile qui, selon le pr\u00e9sident russe, peut atteindre la vitesse de Mach 10, soit plus de 12.000 km\/h.<\/p>\n<p>Il a d\u00e9j\u00e0 \u00e9t\u00e9 d\u00e9ploy\u00e9 mi-d\u00e9cembre au B\u00e9larus, pays alli\u00e9 de la Russie, avait annonc\u00e9 alors son pr\u00e9sident Alexandre Loukachenko.<\/p>\n<p>L&rsquo;Orechnik, capable de frapper avec des ogives nucl\u00e9aires des cibles \u00e0 plusieurs milliers de kilom\u00e8tres, a \u00e9t\u00e9 utilis\u00e9 pour la premi\u00e8re fois avec des t\u00eates conventionnelles en novembre 2024 contre la ville de Dnipro, dans le centre-est de l&rsquo;Ukraine.<\/p>\n<p>La Russie a lanc\u00e9 dans la nuit 36 missiles et 242 drones sur l&rsquo;Ukraine, selon Kiev<\/p>\n<p>Ces frappes russes massives  sont destin\u00e9es \u00e0 \u00ab tester \u00bb les alli\u00e9s de Kiev selon le  minist\u00e8re ukrainien des Affaires \u00e9trang\u00e8res.<\/p>\n<p>Au moins quatre morts \u00e0 Kiev, dans des frappes russes<\/p>\n<p>A Kiev, la police a fait \u00e9tat de plusieurs immeubles r\u00e9sidentiels frapp\u00e9s par des drones, avec quatre morts et 24 bless\u00e9s \u00e0 la cl\u00e9.<\/p>\n<p>Parmi les morts figure un secouriste d\u00e9ploy\u00e9 sur l\u2019un des sites touch\u00e9s, tu\u00e9 par une nouvelle frappe de drone, a pr\u00e9cis\u00e9 le maire Vitali Klitschko, \u00e9voquant aussi des infrastructures endommag\u00e9es et des coupures de courant.<\/p>\n<p>Le chef de l\u2019administration militaire r\u00e9gionale, Mykola Kalachnyk, a pr\u00e9cis\u00e9 que \u00ab\u00a0l\u2019ennemi attaque massivement Kiev avec des drones explosifs\u00a0\u00bb.<\/p>\n<p>500.000 personnes priv\u00e9es d\u2019\u00e9lectricit\u00e9 en Russie apr\u00e8s une attaque ukrainienne<\/p>\n<p>Plus de 500.000 personnes sont priv\u00e9es d\u2019\u00e9lectricit\u00e9 \u00e0 la suite d\u2019une attaque ukrainienne sur la r\u00e9gion russe de Belgorod, a annonc\u00e9 vendredi le gouverneur local, Viatcheslav Gladkov.<\/p>\n<p>\u00ab\u00a0A 6 heures du matin aujourd\u2019hui, 556.000 personnes de six municipalit\u00e9s sont sans \u00e9lectricit\u00e9, quasiment le m\u00eame nombre n\u2019a pas de chauffage\u00a0\u00bb, a-t-il indiqu\u00e9 sur Telegram, pr\u00e9cisant que 200.000 personnes \u00e9taient \u00e9galement priv\u00e9es d\u2019eau et d\u2019assainissement. La r\u00e9gion jouxte la ville ukrainienne de Kharkiv.<\/p>\n<p>La Russie annonce avoir frapp\u00e9 l\u2019Ukraine avec son missile hypersonique Orechnik<\/p>\n<p>La Russie a frapp\u00e9 dans la nuit de jeudi \u00e0 vendredi des \u00ab\u00a0cibles strat\u00e9giques\u00a0\u00bb en Ukraine \u00e0 l\u2019aide du missile hypersonique Orechnik, a annonc\u00e9 le minist\u00e8re russe de la D\u00e9fense dans un communiqu\u00e9.<\/p>\n<p>Ces frappes, dont le nombre et les objectifs exacts n\u2019ont pas \u00e9t\u00e9 pr\u00e9cis\u00e9s, sont intervenues \u00ab\u00a0en r\u00e9ponse \u00e0 l\u2019attentat terroriste perp\u00e9tr\u00e9 par le r\u00e9gime de Kiev\u00a0\u00bb contre une r\u00e9sidence de Vladimir Poutine fin d\u00e9cembre, dont l\u2019Ukraine affirme qu\u2019il s\u2019agit d\u2019un \u00ab\u00a0mensonge\u00a0\u00bb.<\/p>\n<p>\u00ab\u00a0Choc\u00a0\u00bb et \u00ab\u00a0immense soulagement\u00a0\u00bb, confie la m\u00e8re de Laurent Vinatier<\/p>\n<p>La m\u00e8re du chercheur fran\u00e7ais Laurent Vinatier, lib\u00e9r\u00e9 de prison jeudi en Russie, a confi\u00e9 \u00e0 l&rsquo;AFP son \u00ab choc \u00bb et \u00ab immense soulagement \u00bb apr\u00e8s son retour \u00e0 Paris dans la foul\u00e9e de sa sortie de prison.<\/p>\n<p>\u00ab Nous avons appris sa lib\u00e9ration aujourd&rsquo;hui. Cela a \u00e9t\u00e9 tr\u00e8s rapide, violent presque et surprenant \u00bb, a d\u00e9clar\u00e9 Brigitte Vinatier \u00e0 l&rsquo;AFP. \u00ab Nous sommes sous le choc \u00bb tant tout s&rsquo;est acc\u00e9l\u00e9r\u00e9, a-t-elle expliqu\u00e9, soulignant que son mari et elle n&rsquo;avaient pas imagin\u00e9 une issue aussi soudaine.<\/p>\n<p>\u00ab On se disait qu&rsquo;il y avait une opportunit\u00e9 de gr\u00e2ce pr\u00e9sidentielle. Mais dans mes plus beaux r\u00eaves, je pensais que cela arriverait plus tard \u00bb, a-t-elle racont\u00e9.<\/p>\n<p>Jeudi, la journ\u00e9e a \u00e9t\u00e9 marqu\u00e9e par la lib\u00e9ration du chercheur fran\u00e7ais Laurent Vinatier <\/p>\n<p>Le chercheur fran\u00e7ais Laurent Vinatier, emprisonn\u00e9 en Russie depuis juin 2024, a \u00e9t\u00e9 lib\u00e9r\u00e9 et est rentr\u00e9 en France ce jeudi. Cette lib\u00e9ration intervient alors que Paris et Moscou ont r\u00e9cemment manifest\u00e9 leur int\u00e9r\u00eat d\u2019un contact direct au sommet, sur fond de guerre en Ukraine.<\/p>\n<p>Le service de s\u00e9curit\u00e9 russe (FSB) a confirm\u00e9 que le chercheur avait \u00e9t\u00e9 lib\u00e9r\u00e9 en \u00e9change d\u2019un basketteur, d\u00e9tenu en France depuis juin dernier \u00e0 la demande de la justice am\u00e9ricaine, qui le soup\u00e7onne d\u2019\u00eatre membre d\u2019un groupe de hackers.<\/p>\n<p>Bonjour et bienvenue dans ce nouveau live<\/p>\n<p>Chaque jour, \u00ab 20 Minutes \u00bb fait le point en direct avec vous sur les derni\u00e8res actualit\u00e9s de la guerre en Ukraine via nos articles live comment\u00e9s. La guerre a \u00e9t\u00e9 d\u00e9clar\u00e9e avec l&rsquo;invasion du pays par la Russie dans la nuit du 23 au 24 f\u00e9vrier 2022 sur d\u00e9cision du pr\u00e9sident russe Vladimir Poutine. Ce vendredi 8 janvier, il s&rsquo;agit d\u00e9j\u00e0 du 1415e jour de conflit.<\/p>\n","protected":false},"excerpt":{"rendered":"\u00ab\u00a0La moiti\u00e9\u00a0\u00bb des immeubles de Kiev sans chauffage, le maire conseille aux habitants de partir \u00abLa moiti\u00e9\u00a0\u00bb des&hellip;\n","protected":false},"author":2,"featured_media":651772,"comment_status":"","ping_status":"","sticky":false,"template":"","format":"standard","meta":{"footnotes":""},"categories":[2],"tags":[47,11,1011,27,131,3343,74,12,132,135,134],"class_list":{"0":"post-651771","1":"post","2":"type-post","3":"status-publish","4":"format-standard","5":"has-post-thumbnail","7":"category-actualites","8":"tag-actualite","9":"tag-actualites","10":"tag-fr","11":"tag-france","12":"tag-guerre-en-ukraine","13":"tag-missile","14":"tag-monde","15":"tag-news","16":"tag-russie","17":"tag-vladimir-poutine","18":"tag-volodymyr-zelensky"},"share_on_mastodon":{"url":"https:\/\/pubeurope.com\/@fr\/115865443627891415","error":""},"_links":{"self":[{"href":"https:\/\/www.europesays.com\/fr\/wp-json\/wp\/v2\/posts\/651771","targetHints":{"allow":["GET"]}}],"collection":[{"href":"https:\/\/www.europesays.com\/fr\/wp-json\/wp\/v2\/posts"}],"about":[{"href":"https:\/\/www.europesays.com\/fr\/wp-json\/wp\/v2\/types\/post"}],"author":[{"embeddable":true,"href":"https:\/\/www.europesays.com\/fr\/wp-json\/wp\/v2\/users\/2"}],"replies":[{"embeddable":true,"href":"https:\/\/www.europesays.com\/fr\/wp-json\/wp\/v2\/comments?post=651771"}],"version-history":[{"count":0,"href":"https:\/\/www.europesays.com\/fr\/wp-json\/wp\/v2\/posts\/651771\/revisions"}],"wp:featuredmedia":[{"embeddable":true,"href":"https:\/\/www.europesays.com\/fr\/wp-json\/wp\/v2\/media\/651772"}],"wp:attachment":[{"href":"https:\/\/www.europesays.com\/fr\/wp-json\/wp\/v2\/media?parent=651771"}],"wp:term":[{"taxonomy":"category","embeddable":true,"href":"https:\/\/www.europesays.com\/fr\/wp-json\/wp\/v2\/categories?post=651771"},{"taxonomy":"post_tag","embeddable":true,"href":"https:\/\/www.europesays.com\/fr\/wp-json\/wp\/v2\/tags?post=651771"}],"curies":[{"name":"wp","href":"https:\/\/api.w.org\/{rel}","templated":true}]}}