{"id":651773,"date":"2026-01-09T13:45:12","date_gmt":"2026-01-09T13:45:12","guid":{"rendered":"https:\/\/www.europesays.com\/fr\/651773\/"},"modified":"2026-01-09T13:45:12","modified_gmt":"2026-01-09T13:45:12","slug":"loire-il-vendait-des-stupefiants-sous-les-yeux-de-la-bac-a-la-ricamarie","status":"publish","type":"post","link":"https:\/\/www.europesays.com\/fr\/651773\/","title":{"rendered":"Loire. Il vendait des stup\u00e9fiants sous les yeux de la BAC \u00e0\u00a0La Ricamarie"},"content":{"rendered":"<p>Mercredi peu avant 22 heures, alors qu\u2019ils \u00e9taient en op\u00e9ration de surveillance d\u2019un point de deal dans le centre-ville de La Ricamarie, des agents de la BAC (Brigade anti-criminalit\u00e9) aper\u00e7oivent un jeune homme faire deux transactions et rep\u00e8rent \u00e9galement son lieu de stockage de stup\u00e9fiants o\u00f9 seront retrouv\u00e9s un peu moins de trente grammes de coca\u00efne et quatre grammes de r\u00e9sine de cannabis.<\/p>\n<p>L\u2019individu, \u00e2g\u00e9 de 19 ans, est interpell\u00e9, il avait sur lui 80\u00a0euros en liquide. Il a \u00e9t\u00e9 plac\u00e9 en garde en vue et sera prochainement pr\u00e9sent\u00e9 devant un magistrat dans le cadre d\u2019une CRPC (Comparution sur reconnaissance pr\u00e9alable de culpabilit\u00e9). <\/p>\n","protected":false},"excerpt":{"rendered":"Mercredi peu avant 22 heures, alors qu\u2019ils \u00e9taient en op\u00e9ration de surveillance d\u2019un point de deal dans le&hellip;\n","protected":false},"author":2,"featured_media":651774,"comment_status":"","ping_status":"","sticky":false,"template":"","format":"standard","meta":{"footnotes":""},"categories":[9653],"tags":[1111,11,2430,271,272,7539,1777,674,274,1011,27,11324,11325,3367,12,25,4001],"class_list":{"0":"post-651773","1":"post","2":"type-post","3":"status-publish","4":"format-standard","5":"has-post-thumbnail","7":"category-saint-etienne","8":"tag-actu","9":"tag-actualites","10":"tag-auvergne-rhone-alpes","11":"tag-crime","12":"tag-delit-et-contravention","13":"tag-edition-loire-sud","14":"tag-eu","15":"tag-europe","16":"tag-faits-divers-justice","17":"tag-fr","18":"tag-france","19":"tag-la-ricamarie","20":"tag-la-ricamarie-ville","21":"tag-loire","22":"tag-news","23":"tag-republique-francaise","24":"tag-saint-etienne"},"share_on_mastodon":{"url":"https:\/\/pubeurope.com\/@fr\/115865447544234653","error":""},"_links":{"self":[{"href":"https:\/\/www.europesays.com\/fr\/wp-json\/wp\/v2\/posts\/651773","targetHints":{"allow":["GET"]}}],"collection":[{"href":"https:\/\/www.europesays.com\/fr\/wp-json\/wp\/v2\/posts"}],"about":[{"href":"https:\/\/www.europesays.com\/fr\/wp-json\/wp\/v2\/types\/post"}],"author":[{"embeddable":true,"href":"https:\/\/www.europesays.com\/fr\/wp-json\/wp\/v2\/users\/2"}],"replies":[{"embeddable":true,"href":"https:\/\/www.europesays.com\/fr\/wp-json\/wp\/v2\/comments?post=651773"}],"version-history":[{"count":0,"href":"https:\/\/www.europesays.com\/fr\/wp-json\/wp\/v2\/posts\/651773\/revisions"}],"wp:featuredmedia":[{"embeddable":true,"href":"https:\/\/www.europesays.com\/fr\/wp-json\/wp\/v2\/media\/651774"}],"wp:attachment":[{"href":"https:\/\/www.europesays.com\/fr\/wp-json\/wp\/v2\/media?parent=651773"}],"wp:term":[{"taxonomy":"category","embeddable":true,"href":"https:\/\/www.europesays.com\/fr\/wp-json\/wp\/v2\/categories?post=651773"},{"taxonomy":"post_tag","embeddable":true,"href":"https:\/\/www.europesays.com\/fr\/wp-json\/wp\/v2\/tags?post=651773"}],"curies":[{"name":"wp","href":"https:\/\/api.w.org\/{rel}","templated":true}]}}