{"id":651775,"date":"2026-01-09T13:46:17","date_gmt":"2026-01-09T13:46:17","guid":{"rendered":"https:\/\/www.europesays.com\/fr\/651775\/"},"modified":"2026-01-09T13:46:17","modified_gmt":"2026-01-09T13:46:17","slug":"lassociation-gemu-devoile-son-calendrier-2026","status":"publish","type":"post","link":"https:\/\/www.europesays.com\/fr\/651775\/","title":{"rendered":"L\u2019association Gemu d\u00e9voile son calendrier 2026"},"content":{"rendered":"<p>Les prochaines rencontres d\u00e9buteront \u00e0 20 heures, les samedis 10 et 24\u00a0janvier, 7 et 21\u00a0f\u00e9vrier, 7 et 28\u00a0mars, ainsi que les 11 et 25\u00a0avril, 9 et 23\u00a0mai, puis les 6 et 13\u00a0juin, \u00e0 la biblioth\u00e8que, derri\u00e8re la mairie. Afin de permettre \u00e0 chacun de d\u00e9couvrir l\u2019ambiance et le catalogue de jeux propos\u00e9s, la premi\u00e8re participation est totalement libre. \u00ab\u00a0C\u2019est l\u2019occasion id\u00e9ale pour venir tester l\u2019exp\u00e9rience, sans engagement. Pour ceux qui souhaiteraient transformer l\u2019essai et revenir partager ces moments ludiques, une adh\u00e9sion \u00e0 l\u2019association sera demand\u00e9e \u00e0 partir de la deuxi\u00e8me s\u00e9ance. Une contribution qui permet \u00e0 la structure de continuer \u00e0 faire vivre cette passion commune et d\u2019enrichir sa ludoth\u00e8que.\u00a0\u00bb<\/p>\n","protected":false},"excerpt":{"rendered":"Les prochaines rencontres d\u00e9buteront \u00e0 20 heures, les samedis 10 et 24\u00a0janvier, 7 et 21\u00a0f\u00e9vrier, 7 et 28\u00a0mars,&hellip;\n","protected":false},"author":2,"featured_media":651776,"comment_status":"","ping_status":"","sticky":false,"template":"","format":"standard","meta":{"footnotes":""},"categories":[9653],"tags":[1111,11,2430,1777,674,1011,27,12,25,4001],"class_list":{"0":"post-651775","1":"post","2":"type-post","3":"status-publish","4":"format-standard","5":"has-post-thumbnail","7":"category-saint-etienne","8":"tag-actu","9":"tag-actualites","10":"tag-auvergne-rhone-alpes","11":"tag-eu","12":"tag-europe","13":"tag-fr","14":"tag-france","15":"tag-news","16":"tag-republique-francaise","17":"tag-saint-etienne"},"share_on_mastodon":{"url":"https:\/\/pubeurope.com\/@fr\/115865451449344887","error":""},"_links":{"self":[{"href":"https:\/\/www.europesays.com\/fr\/wp-json\/wp\/v2\/posts\/651775","targetHints":{"allow":["GET"]}}],"collection":[{"href":"https:\/\/www.europesays.com\/fr\/wp-json\/wp\/v2\/posts"}],"about":[{"href":"https:\/\/www.europesays.com\/fr\/wp-json\/wp\/v2\/types\/post"}],"author":[{"embeddable":true,"href":"https:\/\/www.europesays.com\/fr\/wp-json\/wp\/v2\/users\/2"}],"replies":[{"embeddable":true,"href":"https:\/\/www.europesays.com\/fr\/wp-json\/wp\/v2\/comments?post=651775"}],"version-history":[{"count":0,"href":"https:\/\/www.europesays.com\/fr\/wp-json\/wp\/v2\/posts\/651775\/revisions"}],"wp:featuredmedia":[{"embeddable":true,"href":"https:\/\/www.europesays.com\/fr\/wp-json\/wp\/v2\/media\/651776"}],"wp:attachment":[{"href":"https:\/\/www.europesays.com\/fr\/wp-json\/wp\/v2\/media?parent=651775"}],"wp:term":[{"taxonomy":"category","embeddable":true,"href":"https:\/\/www.europesays.com\/fr\/wp-json\/wp\/v2\/categories?post=651775"},{"taxonomy":"post_tag","embeddable":true,"href":"https:\/\/www.europesays.com\/fr\/wp-json\/wp\/v2\/tags?post=651775"}],"curies":[{"name":"wp","href":"https:\/\/api.w.org\/{rel}","templated":true}]}}