{"id":651777,"date":"2026-01-09T13:47:19","date_gmt":"2026-01-09T13:47:19","guid":{"rendered":"https:\/\/www.europesays.com\/fr\/651777\/"},"modified":"2026-01-09T13:47:19","modified_gmt":"2026-01-09T13:47:19","slug":"meurthe-et-moselle-le-public-oublie-le-personnage-de-television-et-heureusement-se-rejouit-le-comedien-frederic-bouraly-avant-son-passage-a-ludres","status":"publish","type":"post","link":"https:\/\/www.europesays.com\/fr\/651777\/","title":{"rendered":"Meurthe-et-Moselle \u00ab\u00a0Le public oublie le personnage de t\u00e9l\u00e9vision, et heureusement \u00bb, se r\u00e9jouit le com\u00e9dien Fr\u00e9d\u00e9ric Bouraly avant son passage \u00e0 Ludres"},"content":{"rendered":"<blockquote class=\"question\"><p>Dans cette com\u00e9die, vous jouez Sami, le meilleur ami de Thomas. Jouer avec un complice comme Eric change-t-il votre fa\u00e7on d\u2019aborder la sc\u00e8ne\u00a0?<\/p><\/blockquote>\n<p>\u00ab\u00a0Cela fait des ann\u00e9es que nous avions envie de jouer ensemble. Nous nous aimons beaucoup, tant artistiquement que dans la vie. J\u2019ai beaucoup d\u2019estime pour lui, il est tr\u00e8s \u00e9rudit et il a beaucoup de talent. Il est \u00e9galement metteur en sc\u00e8ne et m\u2019avait d\u2019ailleurs dirig\u00e9 <a href=\"https:\/\/www.estrepublicain.fr\/culture-loisirs\/2024\/03\/12\/frederic-bouraly-les-aventures-de-couples-sont-merveilleuses\" target=\"_blank\" rel=\"noopener\">dans mon pr\u00e9c\u00e9dent spectacle Ave C\u00e9sar.<\/a> Nous nous \u00e9tions d\u00e9j\u00e0 magnifiquement entendus. Eric a cette qualit\u00e9 de ne pas avoir d\u2019ego mal plac\u00e9, et c\u2019est tr\u00e8s facile de travailler avec lui.\u00a0\u00bb<\/p>\n<blockquote class=\"question\"><p>C\u2019est votre troisi\u00e8me collaboration avec ce duo d\u2019auteurs, S\u00e9bastien Blanc et Nicolas Poiret, qu\u2019est ce qui vous s\u00e9duit le plus dans leur \u00e9criture\u00a0?<\/p><\/blockquote>\n<p>\u00ab\u00a0Ce sont des auteurs que j\u2019appr\u00e9cie particuli\u00e8rement car ils r\u00e9ussissent \u00e0 faire rire sur des th\u00e9matiques rares. L\u2019histoire est celle de deux amis de longue date dont les enfants respectifs vivent ensemble. Tout semble parfait jusqu\u2019au jour ou ces derniers viennent leur annoncer une nouvelle \u00e0 laquelle ils n\u2019\u00e9taient pas pr\u00e9par\u00e9s. Ce qui est formidable, c\u2019est de voir comment l\u2019amiti\u00e9 entre les deux personnages bascule \u00e0 ce moment\u00a0: chacun se met \u00e0 remettre en cause l\u2019\u00e9ducation donn\u00e9e par l\u2019autre, et l\u00e0, la situation va d\u00e9g\u00e9n\u00e9rer. Le texte est tr\u00e8s finement \u00e9crit, et il interpelle les spectateurs. Cette \u00e9criture pose des questions sans chercher \u00e0 imposer un message. Pour un com\u00e9dien, c\u2019est un pur bonheur \u00e0 jouer.\u00a0\u00bb<\/p>\n<blockquote class=\"question\"><p>En tant que p\u00e8re, cette pi\u00e8ce a-t-elle eu une r\u00e9sonance particuli\u00e8re pour vous\u00a0?<\/p><\/blockquote>\n<p>\u00ab\u00a0Bien s\u00fbr, c\u2019est aussi pour cela que j\u2019ai choisi ce projet. \u00c9tant moi-m\u00eame p\u00e8re de deux gar\u00e7ons, le texte m\u2019a percut\u00e9 de plein fouet. Je me suis senti imm\u00e9diatement concern\u00e9. La pi\u00e8ce interroge sur l\u2019amour que l\u2019on transmet \u00e0 ses enfants. On pense faire bien, et c\u2019est pas si bien que \u00e7a, on pense faire mal, et ce n\u2019est pas si mal que \u00e7a. \u00c9videmment, on le sait tous, \u00e7a n\u2019est pas facile d\u2019\u00eatre parent.\u00a0\u00bb<\/p>\n<blockquote class=\"question\"><p>Le public a-t-il tendance \u00e0 vous identifier syst\u00e9matiquement \u00e0 votre personnage de Jos\u00e9 de Sc\u00e8nes de m\u00e9nages\u00a0 ?<\/p><\/blockquote>\n<p>\u00ab\u00a0J\u2019ai une chance extraordinaire, et je p\u00e8se mes mots, car la chance compte \u00e9norm\u00e9ment pour moi dans la vie, d\u2019\u00eatre devenu un acteur populaire. Les gens s\u2019identifient \u00e0 moi et il y a beaucoup d\u2019affection dans nos \u00e9changes. Certains me disent m\u00eame \u201cMerci\u201d, ce qui me surprend toujours, mais t\u00e9moigne d\u2019une vraie proximit\u00e9. Alors bien s\u00fbr, en voyant ma t\u00eate sur l\u2019affiche, ils y pensent forc\u00e9ment. Mais, d\u00e8s que le rideau se l\u00e8ve, ils sont embarqu\u00e9s dans une histoire qui n\u2019a plus rien \u00e0 voir. Le public oublie le personnage de t\u00e9l\u00e9vision, et heureusement\u00a0!\u00a0\u00bb<\/p>\n<blockquote class=\"question\"><p>Avez-vous des anecdotes de coulisses avec votre partenaire, Eric\u00a0?<\/p><\/blockquote>\n<p>\u00ab\u00a0On rit \u00e9norm\u00e9ment tous les deux en coulisse, mais comme on rit entre amis. En revanche, une fois sur les planches, la com\u00e9die se traite avec s\u00e9rieux. C\u2019est un pur bonheur de jouer cette pi\u00e8ce, mais aussi un d\u00e9fi. Pendant une heure quarante, nous ne quittons jamais la sc\u00e8ne. C\u2019est un duo qui demande une intensit\u00e9 \u00e9motionnelle et une grande concentration. Contrairement au cin\u00e9ma, il n\u2019y a pas d\u2019\u00e9chappatoire, on ne peut pas refaire la prise. C\u2019est un investissement total, m\u00eame physiquement. C\u2019est un r\u00e9el plaisir d\u2019acteur de pouvoir traverser toute cette panoplie de sentiments offerts par les auteurs. Mais quel plaisir de voir les gens rire autant en retour, c\u2019est une belle r\u00e9compense\u00a0!\u00a0\u00bb<\/p>\n","protected":false},"excerpt":{"rendered":"Dans cette com\u00e9die, vous jouez Sami, le meilleur ami de Thomas. Jouer avec un complice comme Eric change-t-il&hellip;\n","protected":false},"author":2,"featured_media":651778,"comment_status":"","ping_status":"","sticky":false,"template":"","format":"standard","meta":{"footnotes":""},"categories":[9635],"tags":[1111,11,1687,1707,1704,1706,1705,1777,674,1011,27,775,1702,1703,12,25],"class_list":{"0":"post-651777","1":"post","2":"type-post","3":"status-publish","4":"format-standard","5":"has-post-thumbnail","7":"category-nancy","8":"tag-actu","9":"tag-actualites","10":"tag-culture-loisirs","11":"tag-edition-luneville","12":"tag-edition-nancy-et-agglomeration","13":"tag-edition-pont-a-mousson","14":"tag-edition-toul","15":"tag-eu","16":"tag-europe","17":"tag-fr","18":"tag-france","19":"tag-grand-est","20":"tag-nancy","21":"tag-nancy-ville-54b","22":"tag-news","23":"tag-republique-francaise"},"share_on_mastodon":{"url":"https:\/\/pubeurope.com\/@fr\/115865455654336828","error":""},"_links":{"self":[{"href":"https:\/\/www.europesays.com\/fr\/wp-json\/wp\/v2\/posts\/651777","targetHints":{"allow":["GET"]}}],"collection":[{"href":"https:\/\/www.europesays.com\/fr\/wp-json\/wp\/v2\/posts"}],"about":[{"href":"https:\/\/www.europesays.com\/fr\/wp-json\/wp\/v2\/types\/post"}],"author":[{"embeddable":true,"href":"https:\/\/www.europesays.com\/fr\/wp-json\/wp\/v2\/users\/2"}],"replies":[{"embeddable":true,"href":"https:\/\/www.europesays.com\/fr\/wp-json\/wp\/v2\/comments?post=651777"}],"version-history":[{"count":0,"href":"https:\/\/www.europesays.com\/fr\/wp-json\/wp\/v2\/posts\/651777\/revisions"}],"wp:featuredmedia":[{"embeddable":true,"href":"https:\/\/www.europesays.com\/fr\/wp-json\/wp\/v2\/media\/651778"}],"wp:attachment":[{"href":"https:\/\/www.europesays.com\/fr\/wp-json\/wp\/v2\/media?parent=651777"}],"wp:term":[{"taxonomy":"category","embeddable":true,"href":"https:\/\/www.europesays.com\/fr\/wp-json\/wp\/v2\/categories?post=651777"},{"taxonomy":"post_tag","embeddable":true,"href":"https:\/\/www.europesays.com\/fr\/wp-json\/wp\/v2\/tags?post=651777"}],"curies":[{"name":"wp","href":"https:\/\/api.w.org\/{rel}","templated":true}]}}