{"id":651785,"date":"2026-01-09T13:51:18","date_gmt":"2026-01-09T13:51:18","guid":{"rendered":"https:\/\/www.europesays.com\/fr\/651785\/"},"modified":"2026-01-09T13:51:18","modified_gmt":"2026-01-09T13:51:18","slug":"au-lycee-joffre-la-situation-des-internes-jette-un-froid","status":"publish","type":"post","link":"https:\/\/www.europesays.com\/fr\/651785\/","title":{"rendered":"au lyc\u00e9e Joffre, la situation des internes jette un froid"},"content":{"rendered":"<p>                    Par<br \/>\n        <strong><br \/>\n            <a href=\"https:\/\/actu.fr\/auteur\/metropoop\" title=\"Consulter tous les articles de R\u00e9daction M\u00e9tropolitain\" target=\"_blank\" rel=\"noopener\">R\u00e9daction M\u00e9tropolitain<\/a><br \/>\n                    <\/strong><\/p>\n<p>        Publi\u00e9 le<\/p>\n<p>            9 janv. 2026 \u00e0 12h58<br \/>\n        ; mis \u00e0 jour le 9 janv. 2026 \u00e0 13h01    <\/p>\n<p>Depuis plusieurs mois, les internes du <strong>lyc\u00e9e Joffre<\/strong> \u00e0 <strong>Montpellier<\/strong> se plaignent du <strong>froid<\/strong>. Ces \u00e9tudiants en classe pr\u00e9paratoire qui dorment sur place ont constat\u00e9 des temp\u00e9ratures descendant jusqu\u2019\u00e0 12 degr\u00e9s la nuit dans les chambres de l\u2019internat.\u00a0<\/p>\n<p class=\" wall-content\">Il y a quelques jours, et apr\u00e8s avoir alert\u00e9 la direction de l\u2019\u00e9tablissement depuis plusieurs semaines, ils ont d\u00e9cid\u00e9 de <a href=\"https:\/\/www.change.org\/p\/r%C3%A9tablir-le-chauffage-%C3%A0-l-internat-du-lyc%C3%A9e-joffre\" target=\"_blank\" rel=\"noopener\">mettre en ligne une p\u00e9tition<\/a> pour interpeller la R\u00e9gion, en charge des lyc\u00e9es.\u00a0<\/p>\n<p>Une r\u00e9ussite scolaire compromise<\/p>\n<p class=\" wall-content\">Selon ces derniers, \u00a0\u00ab\u00a0des environnements d\u2019\u00e9tudes froids et inconfortables affectent la concentration et la qualit\u00e9 du sommeil, \u00e9l\u00e9ments essentiels pour des \u00e9tudiants en p\u00e9riode de pr\u00e9paration intensive aux examens. De plus, une exposition prolong\u00e9e au froid peut mener \u00e0 des probl\u00e8mes de sant\u00e9, augmentant ainsi les absences pour maladie et r\u00e9duisant d\u2019autant plus les chances de r\u00e9ussite scolaire\u00a0\u00bb.<\/p>\n<p>    <a href=\"https:\/\/www.google.com\/maps\/embed?pb=!1m18!1m12!1m3!1d2888.7670193022045!2d3.8808442113894146!3d43.61139235501382!2m3!1f0!2f0!3f0!3m2!1i1024!2i768!4f13.1!3m3!1m2!1s0x12b6af0b1d74355b%3A0xeb93ebf20a9cbf36!2sLyc%C3%A9e%20Joseph%20Joffre!5e0!3m2!1sfr!2sfr!4v1767947848879!5m2!1sfr!2sfr\" title=\"Ouvrie le lien\" target=\"_blank\" rel=\"noopener\">Cliquez ici pour visualiser le contenu<\/a><\/p>\n<p class=\" wall-content\">Les syndicats enseignants comme le SNES-FSU ont \u00e9galement pris part \u00e0 ces revendications, allant m\u00eame jusqu\u2019\u00e0 d\u00e9plorer une d\u00e9t\u00e9rioration des conditions dans l\u2019ensemble du lyc\u00e9e montpelli\u00e9rain, apr\u00e8s avoir relev\u00e9, cette semaine, dans des salles de classe, des temp\u00e9ratures en dessous des 18\u00b0 recommand\u00e9s par l\u2019INRS (Institut national de recherche et de s\u00e9curit\u00e9 pour la pr\u00e9vention des accidents du travail et des maladies professionnelles).\u00a0<\/p>\n<p>Vid\u00e9os : en ce moment sur ActuLa R\u00e9gion d\u00e9ment<\/p>\n<p class=\" wall-content\">De son c\u00f4t\u00e9, la R\u00e9gion d\u00e9ment. D\u2019apr\u00e8s des propos rapport\u00e9s par nos confr\u00e8res d\u2019Ici H\u00e9rault, la collectivit\u00e9 estime \u00ab\u00a0qu\u2019en th\u00e9orie, la temp\u00e9rature est maintenue \u00e0 19 \u00b0C en p\u00e9riode d\u2019occupation\u00a0\u00bb. Lundi, c\u2019est le lyc\u00e9e Jean Monnet, \u00e9galement \u00e0 Montpellier, qui avait d\u00fb fermer ses portes et demander \u00e0 ses \u00e9l\u00e8ves de rentrer chez eux, apr\u00e8s une panne de chauffage et une temp\u00e9rature de 9\u00b0 constat\u00e9 dans certaines classes.\u00a0<\/p>\n<p class=\" wall-content\">Personnalisez votre actualit\u00e9 en ajoutant vos villes et m\u00e9dias en favori avec <a href=\"https:\/\/moncompte.actu.fr\" title=\"D\u00e9couvez Mon Actu\" rel=\"nofollow noopener\" data-trk=\"{&quot;cta&quot;:{&quot;action&quot;:&quot;https:\\\/\\\/moncompte.actu.fr&quot;,&quot;category&quot;:&quot;mon compte&quot;,&quot;from&quot;:&quot;article footer&quot;,&quot;name&quot;:&quot;Mon actu&quot;,&quot;type&quot;:&quot;cta&quot;}}\" target=\"_blank\">Mon Actu<\/a>.<\/p>\n","protected":false},"excerpt":{"rendered":"Par R\u00e9daction M\u00e9tropolitain Publi\u00e9 le 9 janv. 2026 \u00e0 12h58 ; mis \u00e0 jour le 9 janv. 2026&hellip;\n","protected":false},"author":2,"featured_media":651786,"comment_status":"","ping_status":"","sticky":false,"template":"","format":"standard","meta":{"footnotes":""},"categories":[9599],"tags":[1111,11,1777,674,1011,27,2208,12,2680,25,104],"class_list":{"0":"post-651785","1":"post","2":"type-post","3":"status-publish","4":"format-standard","5":"has-post-thumbnail","7":"category-montpellier","8":"tag-actu","9":"tag-actualites","10":"tag-eu","11":"tag-europe","12":"tag-fr","13":"tag-france","14":"tag-montpellier","15":"tag-news","16":"tag-occitanie","17":"tag-republique-francaise","18":"tag-societe"},"share_on_mastodon":{"url":"https:\/\/pubeurope.com\/@fr\/115865471164978457","error":""},"_links":{"self":[{"href":"https:\/\/www.europesays.com\/fr\/wp-json\/wp\/v2\/posts\/651785","targetHints":{"allow":["GET"]}}],"collection":[{"href":"https:\/\/www.europesays.com\/fr\/wp-json\/wp\/v2\/posts"}],"about":[{"href":"https:\/\/www.europesays.com\/fr\/wp-json\/wp\/v2\/types\/post"}],"author":[{"embeddable":true,"href":"https:\/\/www.europesays.com\/fr\/wp-json\/wp\/v2\/users\/2"}],"replies":[{"embeddable":true,"href":"https:\/\/www.europesays.com\/fr\/wp-json\/wp\/v2\/comments?post=651785"}],"version-history":[{"count":0,"href":"https:\/\/www.europesays.com\/fr\/wp-json\/wp\/v2\/posts\/651785\/revisions"}],"wp:featuredmedia":[{"embeddable":true,"href":"https:\/\/www.europesays.com\/fr\/wp-json\/wp\/v2\/media\/651786"}],"wp:attachment":[{"href":"https:\/\/www.europesays.com\/fr\/wp-json\/wp\/v2\/media?parent=651785"}],"wp:term":[{"taxonomy":"category","embeddable":true,"href":"https:\/\/www.europesays.com\/fr\/wp-json\/wp\/v2\/categories?post=651785"},{"taxonomy":"post_tag","embeddable":true,"href":"https:\/\/www.europesays.com\/fr\/wp-json\/wp\/v2\/tags?post=651785"}],"curies":[{"name":"wp","href":"https:\/\/api.w.org\/{rel}","templated":true}]}}