{"id":651787,"date":"2026-01-09T13:52:18","date_gmt":"2026-01-09T13:52:18","guid":{"rendered":"https:\/\/www.europesays.com\/fr\/651787\/"},"modified":"2026-01-09T13:52:18","modified_gmt":"2026-01-09T13:52:18","slug":"toulouse-et-montpellier-un-bilan-culturel-positif-pour-les-musees-et-expositions-des-deux-metropoles-de-loccitanie-en-2025","status":"publish","type":"post","link":"https:\/\/www.europesays.com\/fr\/651787\/","title":{"rendered":"Toulouse et Montpellier | Un bilan culturel positif pour les mus\u00e9es et expositions des deux m\u00e9tropoles de l\u2019Occitanie en 2025"},"content":{"rendered":"<p>\t\t\t\t<strong>Une ann\u00e9e culturelle se cl\u00f4ture pour les deux m\u00e9tropoles d\u2019Occitanie, toutes deux marqu\u00e9es par une augmentation de la fr\u00e9quentation des mus\u00e9es permise gr\u00e2ce \u00e0 l\u2019organisation de nombreuses expositions<\/strong><strong>. Mais aussi des r\u00e9ouvertures : le mus\u00e9e des Augustins \u00e0 Toulouse ou encore le Pavillon Populaire \u00e0 Montpellier ont ainsi ravi les visiteurs en 2025.\u00a0<\/strong><\/p>\n<p style=\"text-align: justify;\">La ville Rose a particuli\u00e8rement attir\u00e9 les amateurs de culture en t\u00e9moigne l\u2019augmentation de la fr\u00e9quentation de ses espaces culturels avec plus de 3 millions de visiteurs, soit 5 % de plus qu\u2019en 2024. Les mus\u00e9es et monuments ont donc accueilli plus de 1,8 million de personnes.<\/p>\n<p style=\"text-align: justify;\">Dans le quartier des Carmes, le mus\u00e9e des Arts Pr\u00e9cieux Paul-Dupuy a vu ses entr\u00e9es doubler avec 43 900 visiteurs gr\u00e2ce au grand succ\u00e8s de ses expositions, comme\u00a0Henri-Georges Adam. Un moderne r\u00e9v\u00e9l\u00e9, visible jusqu\u2019au 18 janvier.\u00a0<\/p>\n<p style=\"text-align: justify;\">Cinq autres mus\u00e9es et monuments de la ville ont \u00e9galement vu de nouveaux visiteurs franchir leurs portes : 15 % en plus au Couvent des Jacobins (182 000 visiteurs), 8 % \u00e0 la basilique Saint-Sernin (974 000 visiteurs), 32 % \u00e0 la chapelle des Carm\u00e9lites (184 000 visiteurs).<br \/>Le Castelet a, lui aussi, connu une belle augmentation de ses visites, 35 %, gr\u00e2ce aux expositions qui ont conquis le public. Enfin, la chapelle de la Grave a presque doubl\u00e9 son nombre de visiteurs en accueillant 60 000 personnes. <\/p>\n<p style=\"text-align: justify;\">Par ailleurs, Les Abattoirs, Mus\u00e9e \u2013 Frac Occitanie Toulouse ont accueilli 199 032 visiteurs. \u00c0 noter encore, un nouveau lieu de diffusion artistique et culturel a ouvert ses portes : l\u2019\u00e9glise du G\u00e9s\u00f9 qui a re\u00e7u 50 000 visiteurs en 2025. <\/p>\n<p style=\"text-align: justify;\">La fin d\u2019ann\u00e9e 2025 a \u00e9t\u00e9 marqu\u00e9e par la r\u00e9ouverture de deux \u00e9tablissements embl\u00e9matiques des arts plastiques \u00e0 Toulouse : le Ch\u00e2teau d\u2019Eau, lieu d\u00e9di\u00e9 \u00e0 la photographie en novembre, et le mus\u00e9e des Augustins, en d\u00e9cembre, qui \u00e0 eux deux ont cumul\u00e9 39\u202f400 entr\u00e9es.<\/p>\n<p style=\"text-align: justify;\"><strong>Des expositions tr\u00e8s visit\u00e9es dans les \u00e9tablissements de patrimoine culturel scientifique<\/strong><\/p>\n<p style=\"text-align: justify;\">Entre sciences, espace et mus\u00e9um, le fort patrimoine culturel scientifique permet \u00e0 Toulouse de se d\u00e9marquer avec cinq \u00e9tablissements scientifiques. Pour ceux-ci la fr\u00e9quentation a vari\u00e9 avec une belle hausse, ou une l\u00e9g\u00e8re baisse pour d\u2019autres. Cependant les chiffres restent stables avec 1 120 872 visiteurs en 2025.<\/p>\n<p style=\"text-align: justify;\">Trois de ces \u00e9tablissements ont \u00e9t\u00e9 pris\u00e9s du public et ont connu une hausse. Le mus\u00e9e Aeroscopia a accueilli 260 412 visiteurs (+12 %), gr\u00e2ce \u00e0 son exposition Le ciel des femmes \u2013 dans l\u2019\u0153il de Reza mais aussi avec son cin\u00e9ma en plein air qui a conquis le public. L\u2019Envol des Pionniers a connu la plus forte fr\u00e9quentation depuis son ouverture en d\u00e9cembre 2018 avec 49 710 visiteurs venus d\u00e9couvrir l\u2019exposition Air France, une histoire d\u2019\u00e9l\u00e9gance qui a d\u00e9j\u00e0 attir\u00e9 plus de 48 000 visiteurs et amateurs d\u2019aviation. Le Jardin du Mus\u00e9um enregistre lui aussi une hausse avec 26 % de nouveaux visiteurs permis gr\u00e2ce \u00e0 l\u2019exposition temporaire, Domestique-moi si tu peux ! <\/p>\n<p style=\"text-align: justify;\">L\u2019incontournable Cit\u00e9 de l\u2019espace est rest\u00e9e stable et a accueilli 394 248 visiteurs en 2025.\u00a0Enfin le Quai des savoirs a accueilli 106 300 visiteurs, en l\u00e9ger retrait de 7 % par rapport \u00e0 2024.<\/p>\n<p style=\"text-align: justify;\"><strong>Une politique culturelle importante \u00e0 Montpellier<\/strong><\/p>\n<p style=\"text-align: justify;\">De son c\u00f4t\u00e9, Montpellier mise sur une politique culturelle dynamique. Si la capitale languedocienne compte moins de lieux d\u00e9di\u00e9s aux arts plastiques que sa voisine occitane, les propositions culturelles n\u2019ont pas manqu\u00e9 au cours de l\u2019ann\u00e9e 2025.\u00a0<\/p>\n<p style=\"text-align: justify;\">La ville avait commenc\u00e9 avec le lancement des festivit\u00e9s du bicentenaire au mus\u00e9e Fabre, et l\u2019exposition \u00e9v\u00e8nement Pierre Soulages. La rencontre. Cette exposition consacr\u00e9e au ma\u00eetre de l\u2019Outrenoir a attir\u00e9 104 208 visiteurs depuis son ouverture en juin. Dans l\u2019\u00c9cusson, le Carr\u00e9 Sainte-Anne a rouvert ses portes au c\u0153ur de l\u2019\u00e9t\u00e9 avec\u00a0l\u2019\u0153uvre de JR Adventice. Une installation participative qui a s\u00e9duit plus de 300 000 personnes, une affluence de visiteurs ininterrompue qui a permis la prolongation de l\u2019\u00e9v\u00e8nement, cl\u00f4tur\u00e9 d\u00e9but janvier. En 2025, le Pavillon Populaire a lui aussi rouvert ses portes apr\u00e8s huit mois de r\u00e9novation. Cet espace d\u2019art photographique a accueilli l\u2019exposition Extr\u00eame H\u00f4tel de Raymond Depardon qui a d\u00e9j\u00e0 s\u00e9duit plus de 20 000 visiteurs, celle-ci se cl\u00f4ture en avril 2026.<\/p>\n<p style=\"text-align: justify;\">Des expositions et des monographies ont rythm\u00e9 la vie du MO.CO. qui a accueilli plus de 100 000 visiteurs en 2025, dont 45 000 pour la saison Art &amp; Science en partenariat avec l\u2019Universit\u00e9 de Montpellier. Les monographies de Fran\u00e7oise P\u00e9trovitch et de Jean-Marie Appriou, ainsi que l\u2019exposition des dipl\u00f4m\u00e9s 2025 du MO.CO. ESBA ont aussi \u00e9t\u00e9 pr\u00e9sent\u00e9es.<\/p>\n<p style=\"text-align: justify;\">De nombreux espaces culturels gratuits sont pr\u00e9sents dans la ville, ils ont \u00e9galement \u00e9t\u00e9 pris\u00e9s par le public : l\u2019espace Saint-Ravy, d\u00e9di\u00e9 \u00e0 la mise en lumi\u00e8re des artistes du territoire, affiche une fr\u00e9quentation de plus de 16 000 visiteurs pour l\u2019ensemble de l\u2019ann\u00e9e. L\u2019exposition La proph\u00e9tie est une m\u00e9moire, la croyance est synth\u00e9tique de Mona Youngeun Kim accueillie \u00e0 l\u2019espace Dominique Bagouet, cumule pr\u00e8s de 9 000 visiteurs \u00e0 ce jour.<\/p>\n<p style=\"text-align: justify;\"><strong>Des nouvelles expositions mises en place en 2026 \u00e0 Montpellier et Toulouse<\/strong><\/p>\n<p style=\"text-align: justify;\">Pour cette nouvelle ann\u00e9e, Montpellier proposera une exposition estivale au mus\u00e9e Fabre, elle sera consacr\u00e9e \u00e0 Pierre Paulin, l\u2019une des plus grandes figures du design fran\u00e7ais du XXe si\u00e8cle. Avant cela, \u00e0 partir du 31 janvier, le MO.CO et le mus\u00e9e Fabre nouent un partenariat lors d\u2019une exposition consacr\u00e9e \u00e0 l\u2019\u00e9cole des Beaux-Arts de Montpellier.\u00a0Et pour les plus petits, de 0 \u00e0 6 ans, le centre d\u2019art mille formes ouvrira ses portes le 6 f\u00e9vrier prochain, cet espace accueillera les enfants dans l\u2019\u00e9veil et la sensibilisation artistique.<br \/>\u00c0 souligner, l\u2018acc\u00e8s gratuit dans la ville va s\u2019\u00e9tendre avec des entr\u00e9es libres et visites guid\u00e9es gratuites pour de nombreuses expositions ou institutions d\u2019art et de culture (Le MO.CO. Panac\u00e9e, l\u2019Espace Saint-Ravy, le Pavillon Populaire, le Carr\u00e9 Sainte-Anne, l\u2019Espace Dominique Bagouet).\u00a0Tous les premiers dimanches du mois, le mus\u00e9e Fabre propose l\u2019acc\u00e8s aux galeries permanentes gratuitement.<\/p>\n<p style=\"text-align: justify;\">De nouvelles expositions sont aussi \u00e0 venir en 2026 \u00e0 Toulouse. Le mus\u00e9e d\u2019arch\u00e9ologie Saint-Raymond pr\u00e9sentera \u00e0 partir du 3 avril l\u2019exposition Gaulois mais Romains ! Elle illustrera la rencontre entre ces deux cultures et la naissance d\u2019une soci\u00e9t\u00e9 riche et complexe. Les Abattoirs continuent d\u2019accueillir jusqu\u2019en ao\u00fbt une exposition exceptionnelle sur Jean-Charles de Castelbajac, cr\u00e9ateur de mode visionnaire et artiste prot\u00e9iforme.\u00a0Enfin il est encore temps de se rendre au Mus\u00e9um pour l\u2019exposition Domestique-moi si tu peux ! sur la domestication v\u00e9g\u00e9tale et animale et les cons\u00e9quences sur la biodiversit\u00e9.<\/p>\n<p>MM<\/p>\n<p><strong>Plus d\u2019info<\/strong> : <a href=\"https:\/\/metropole.toulouse.fr\/\" target=\"_blank\" rel=\"noopener\">metropole.toulouse.fr<\/a> \/\u00a0<a href=\"https:\/\/www.montpellier.fr\/\" target=\"_blank\" rel=\"noopener\">montpellier.fr<\/a><\/p>\n<p>Photo : L\u2019\u0153uvre de JR \u00e0 l\u2019occasion de la r\u00e9ouverture du Carr\u00e9 Saint-Anne \u00e0 Montpellier \u2013 \u00a9Christophe RUIZ<\/p>\n","protected":false},"excerpt":{"rendered":"Une ann\u00e9e culturelle se cl\u00f4ture pour les deux m\u00e9tropoles d\u2019Occitanie, toutes deux marqu\u00e9es par une augmentation de la&hellip;\n","protected":false},"author":2,"featured_media":651788,"comment_status":"","ping_status":"","sticky":false,"template":"","format":"standard","meta":{"footnotes":""},"categories":[9599],"tags":[1111,11,1777,674,1011,27,2208,12,2680,25],"class_list":{"0":"post-651787","1":"post","2":"type-post","3":"status-publish","4":"format-standard","5":"has-post-thumbnail","7":"category-montpellier","8":"tag-actu","9":"tag-actualites","10":"tag-eu","11":"tag-europe","12":"tag-fr","13":"tag-france","14":"tag-montpellier","15":"tag-news","16":"tag-occitanie","17":"tag-republique-francaise"},"share_on_mastodon":{"url":"https:\/\/pubeurope.com\/@fr\/115865474997442274","error":""},"_links":{"self":[{"href":"https:\/\/www.europesays.com\/fr\/wp-json\/wp\/v2\/posts\/651787","targetHints":{"allow":["GET"]}}],"collection":[{"href":"https:\/\/www.europesays.com\/fr\/wp-json\/wp\/v2\/posts"}],"about":[{"href":"https:\/\/www.europesays.com\/fr\/wp-json\/wp\/v2\/types\/post"}],"author":[{"embeddable":true,"href":"https:\/\/www.europesays.com\/fr\/wp-json\/wp\/v2\/users\/2"}],"replies":[{"embeddable":true,"href":"https:\/\/www.europesays.com\/fr\/wp-json\/wp\/v2\/comments?post=651787"}],"version-history":[{"count":0,"href":"https:\/\/www.europesays.com\/fr\/wp-json\/wp\/v2\/posts\/651787\/revisions"}],"wp:featuredmedia":[{"embeddable":true,"href":"https:\/\/www.europesays.com\/fr\/wp-json\/wp\/v2\/media\/651788"}],"wp:attachment":[{"href":"https:\/\/www.europesays.com\/fr\/wp-json\/wp\/v2\/media?parent=651787"}],"wp:term":[{"taxonomy":"category","embeddable":true,"href":"https:\/\/www.europesays.com\/fr\/wp-json\/wp\/v2\/categories?post=651787"},{"taxonomy":"post_tag","embeddable":true,"href":"https:\/\/www.europesays.com\/fr\/wp-json\/wp\/v2\/tags?post=651787"}],"curies":[{"name":"wp","href":"https:\/\/api.w.org\/{rel}","templated":true}]}}