{"id":651799,"date":"2026-01-09T14:02:20","date_gmt":"2026-01-09T14:02:20","guid":{"rendered":"https:\/\/www.europesays.com\/fr\/651799\/"},"modified":"2026-01-09T14:02:20","modified_gmt":"2026-01-09T14:02:20","slug":"le-monoprix-de-la-place-kleber-inonde-et-ferme-pour-une-duree-indeterminee","status":"publish","type":"post","link":"https:\/\/www.europesays.com\/fr\/651799\/","title":{"rendered":"le Monoprix de la place Kl\u00e9ber inond\u00e9 et ferm\u00e9 pour une dur\u00e9e ind\u00e9termin\u00e9e !"},"content":{"rendered":"<p>    <img loading=\"lazy\" width=\"1800\" height=\"900\" src=\"https:\/\/www.europesays.com\/fr\/wp-content\/uploads\/2025\/11\/jeanne-callthepolice.jpg\" class=\"attachment-full size-full\" alt=\"\" id=\"imageLove\" decoding=\"async\"  \/><\/p>\n<p id=\"breadcrumbs\"><a href=\"https:\/\/pokaa.fr\/\" target=\"_blank\" rel=\"noopener\">Accueil<\/a> \/ <a href=\"https:\/\/pokaa.fr\/categories\/actu\/\" target=\"_blank\" rel=\"noopener\">Info locale<\/a> \/ Strasbourg : le Monoprix de la place Kl\u00e9ber inond\u00e9 et ferm\u00e9 pour une dur\u00e9e ind\u00e9termin\u00e9e !<\/p>\n<p>                    Info locale<\/p>\n<p><b>Ce 9 janvier, le Monoprix de la place Kl\u00e9ber de Strasbourg a d\u00fb fermer ses portes \u00e0 cause d\u2019une inondation li\u00e9e aux intemp\u00e9ries du 8 janvier et d\u2019un d\u00e9faut du circuit incendie. En cons\u00e9quence, le magasin sera inaccessible pendant une dur\u00e9e ind\u00e9termin\u00e9e.<\/b><\/p>\n<p class=\"p1\">Surprise ce 9 janvier sur la place Kl\u00e9ber : <b>une fiche appos\u00e9e sur la devanture du Monoprix indique que \u00ab\u00a0le magasin restera ferm\u00e9 jusqu\u2019\u00e0 nouvel ordre\u00a0pour cause d\u2019inondations\u00a0\u00bb<\/b>.<\/p>\n<p class=\"p1\">Dans la rue devant le magasin, on remarque en effet la pr\u00e9sence de beaucoup d\u2019eau. <b>M\u00eame chose \u00e0 l\u2019int\u00e9rieur, o\u00f9 les flaques se multiplient sur le parquet<\/b>. Tout le magasin serait d\u2019ailleurs concern\u00e9 par les inondations.<\/p>\n<p>                <img width=\"375\" height=\"500\" src=\"https:\/\/www.europesays.com\/fr\/wp-content\/uploads\/2026\/01\/img-5250-375x500.jpeg\" class=\"attachment-gallery size-gallery\" alt=\"Monoprix\" data-full-url=\"https:\/\/pokaa.fr\/wp-content\/uploads\/2026\/01\/09\/img-5250.jpeg\" decoding=\"async\" loading=\"lazy\"  \/>            <\/p>\n<p>                <img width=\"375\" height=\"500\" src=\"https:\/\/www.europesays.com\/fr\/wp-content\/uploads\/2026\/01\/img-5243-375x500.jpeg\" class=\"attachment-gallery size-gallery\" alt=\"Monoprix\" data-full-url=\"https:\/\/pokaa.fr\/wp-content\/uploads\/2026\/01\/09\/img-5243.jpeg\" decoding=\"async\" loading=\"lazy\"  \/>            <\/p>\n<p>                    \u00a9 Anthony Jilli \/ Pokaa<\/p>\n<p>    <img width=\"800\" height=\"600\" src=\"https:\/\/www.europesays.com\/fr\/wp-content\/uploads\/2026\/01\/1767967339_167_img-5244-800x600.jpeg\" class=\"attachment-image-size-L size-image-size-L\" alt=\"Monoprix\" decoding=\"async\" loading=\"lazy\"  \/>         \u00a9 Anthony Jilli \/ Pokaa <\/p>\n<p>Un magasin ferm\u00e9 pour une dur\u00e9e ind\u00e9termin\u00e9e<\/p>\n<p class=\"p1\">Cette fermeture et les inondations ont \u00e9t\u00e9 caus\u00e9es par les intemp\u00e9ries et trombes d\u2019eau de la veille. <b>Des d\u00e9g\u00e2ts tr\u00e8s importants, qui ont touch\u00e9 le circuit incendie et qui mettront un certain temps \u00e0 \u00eatre r\u00e9par\u00e9s<\/b>.<\/p>\n<p class=\"p1\"><strong>Ce qui explique que le Monoprix de la place Kl\u00e9ber sera ferm\u00e9 pour une dur\u00e9e ind\u00e9termin\u00e9e, le temps des r\u00e9parations<\/strong>. Il faudra s\u2019armer de patience avant de pouvoir retourner dans le magasin.<\/p>\n<p>    <img width=\"800\" height=\"600\" src=\"https:\/\/www.europesays.com\/fr\/wp-content\/uploads\/2026\/01\/img-5249-800x600.jpeg\" class=\"attachment-image-size-L size-image-size-L\" alt=\"Monoprix\" decoding=\"async\" loading=\"lazy\"  \/>         \u00a9 Anthony Jilli \/ Pokaa <\/p>\n","protected":false},"excerpt":{"rendered":"Accueil \/ Info locale \/ Strasbourg : le Monoprix de la place Kl\u00e9ber inond\u00e9 et ferm\u00e9 pour une&hellip;\n","protected":false},"author":2,"featured_media":651800,"comment_status":"","ping_status":"","sticky":false,"template":"","format":"standard","meta":{"footnotes":""},"categories":[2820],"tags":[1111,917,11,1777,674,1011,27,775,4458,12,42445,25,640,58524],"class_list":{"0":"post-651799","1":"post","2":"type-post","3":"status-publish","4":"format-standard","5":"has-post-thumbnail","7":"category-strasbourg","8":"tag-actu","9":"tag-actu-locale","10":"tag-actualites","11":"tag-eu","12":"tag-europe","13":"tag-fr","14":"tag-france","15":"tag-grand-est","16":"tag-inondation","17":"tag-news","18":"tag-place-kleber","19":"tag-republique-francaise","20":"tag-strasbourg","21":"tag-strasbourg-actualite"},"share_on_mastodon":{"url":"https:\/\/pubeurope.com\/@fr\/115865514608321263","error":""},"_links":{"self":[{"href":"https:\/\/www.europesays.com\/fr\/wp-json\/wp\/v2\/posts\/651799","targetHints":{"allow":["GET"]}}],"collection":[{"href":"https:\/\/www.europesays.com\/fr\/wp-json\/wp\/v2\/posts"}],"about":[{"href":"https:\/\/www.europesays.com\/fr\/wp-json\/wp\/v2\/types\/post"}],"author":[{"embeddable":true,"href":"https:\/\/www.europesays.com\/fr\/wp-json\/wp\/v2\/users\/2"}],"replies":[{"embeddable":true,"href":"https:\/\/www.europesays.com\/fr\/wp-json\/wp\/v2\/comments?post=651799"}],"version-history":[{"count":0,"href":"https:\/\/www.europesays.com\/fr\/wp-json\/wp\/v2\/posts\/651799\/revisions"}],"wp:featuredmedia":[{"embeddable":true,"href":"https:\/\/www.europesays.com\/fr\/wp-json\/wp\/v2\/media\/651800"}],"wp:attachment":[{"href":"https:\/\/www.europesays.com\/fr\/wp-json\/wp\/v2\/media?parent=651799"}],"wp:term":[{"taxonomy":"category","embeddable":true,"href":"https:\/\/www.europesays.com\/fr\/wp-json\/wp\/v2\/categories?post=651799"},{"taxonomy":"post_tag","embeddable":true,"href":"https:\/\/www.europesays.com\/fr\/wp-json\/wp\/v2\/tags?post=651799"}],"curies":[{"name":"wp","href":"https:\/\/api.w.org\/{rel}","templated":true}]}}