{"id":651809,"date":"2026-01-09T14:09:12","date_gmt":"2026-01-09T14:09:12","guid":{"rendered":"https:\/\/www.europesays.com\/fr\/651809\/"},"modified":"2026-01-09T14:09:12","modified_gmt":"2026-01-09T14:09:12","slug":"plaies-brulures-une-enquete-ouverte-pour-la-sequestration-et-la-torture-dun-ado-de-17-ans","status":"publish","type":"post","link":"https:\/\/www.europesays.com\/fr\/651809\/","title":{"rendered":"Plaies, br\u00fblures\u2026 Une enqu\u00eate ouverte pour la s\u00e9questration et la torture d\u2019un ado de 17 ans"},"content":{"rendered":"<p>Le parquet de <a href=\"https:\/\/www.20minutes.fr\/bordeaux\/\" class=\"c-link c-link--is-underlined\" target=\"_blank\" rel=\"noopener\">Bordeaux<\/a> a annonc\u00e9 vendredi l\u2019ouverture d\u2019une enqu\u00eate pour \u00ab\u00a0<a href=\"https:\/\/www.20minutes.fr\/dossier\/sequestration\" class=\"c-link c-link--is-underlined\" target=\"_blank\" rel=\"noopener\">s\u00e9questration<\/a>\u00a0\u00bb avec \u00ab\u00a0torture ou acte de barbarie\u00a0\u00bb d\u2019un mineur de 17 ans. L\u2019adolescent est actuellement hospitalis\u00e9 pour plusieurs plaies et br\u00fblures graves aux yeux et \u00e0 la main.<\/p>\n<p>Le jeune homme \u00ab\u00a0aurait \u00e9t\u00e9 enlev\u00e9\u00a0\u00bb mercredi soir \u00ab\u00a0sur la voie publique\u00a0\u00bb \u00e0 Lormont, commune limitrophe de Bordeaux \u00ab\u00a0par plusieurs individus qui lui auraient ensuite inflig\u00e9 les tr\u00e8s graves blessures constat\u00e9es\u00a0\u00bb. \u00ab\u00a0Le mobile de cet enl\u00e8vement suivi d\u2019actes de <a href=\"https:\/\/www.20minutes.fr\/dossier\/torture\" class=\"c-link c-link--is-underlined\" target=\"_blank\" rel=\"noopener\">torture<\/a> reste \u00e0 \u00e9tablir\u00a0\u00bb, a pr\u00e9cis\u00e9 le parquet \u00e0 l\u2019AFP.<\/p>\n<\/p>\n<p>Le visage masqu\u00e9<\/p>\n<p>La victime, d\u00e9pos\u00e9e \u00e0 l\u2019h\u00f4pital vers 23h10 mercredi, est connue des services judiciaires et a indiqu\u00e9 que ses trois ravisseurs avaient le visage masqu\u00e9, selon une source polici\u00e8re.<\/p>\n<p>L\u2019enqu\u00eate a \u00e9t\u00e9 confi\u00e9e \u00e0 la division de la criminalit\u00e9 organis\u00e9e et sp\u00e9cialis\u00e9e de Bordeaux et est ouverte \u00ab\u00a0du chef notamment d\u2019arrestation, enl\u00e8vement, s\u00e9questration ou d\u00e9tention arbitraire avec torture ou acte de barbarie commis en bande organis\u00e9e\u00a0\u00bb, a encore pr\u00e9cis\u00e9 le parquet.<\/p>\n","protected":false},"excerpt":{"rendered":"Le parquet de Bordeaux a annonc\u00e9 vendredi l\u2019ouverture d\u2019une enqu\u00eate pour \u00ab\u00a0s\u00e9questration\u00a0\u00bb avec \u00ab\u00a0torture ou acte de barbarie\u00a0\u00bb&hellip;\n","protected":false},"author":2,"featured_media":651810,"comment_status":"","ping_status":"","sticky":false,"template":"","format":"standard","meta":{"footnotes":""},"categories":[2817],"tags":[1111,47,11,3177,2441,1997,2716,1067,1777,674,1011,27,2905,303,12,2219,25,6188,24621],"class_list":{"0":"post-651809","1":"post","2":"type-post","3":"status-publish","4":"format-standard","5":"has-post-thumbnail","7":"category-bordeaux","8":"tag-actu","9":"tag-actualite","10":"tag-actualites","11":"tag-aquitaine","12":"tag-arrestation","13":"tag-bordeaux","14":"tag-enlevement","15":"tag-enquete","16":"tag-eu","17":"tag-europe","18":"tag-fr","19":"tag-france","20":"tag-gironde","21":"tag-justice","22":"tag-news","23":"tag-nouvelle-aquitaine","24":"tag-republique-francaise","25":"tag-sequestration","26":"tag-torture"},"share_on_mastodon":{"url":"https:\/\/pubeurope.com\/@fr\/115865541894750485","error":""},"_links":{"self":[{"href":"https:\/\/www.europesays.com\/fr\/wp-json\/wp\/v2\/posts\/651809","targetHints":{"allow":["GET"]}}],"collection":[{"href":"https:\/\/www.europesays.com\/fr\/wp-json\/wp\/v2\/posts"}],"about":[{"href":"https:\/\/www.europesays.com\/fr\/wp-json\/wp\/v2\/types\/post"}],"author":[{"embeddable":true,"href":"https:\/\/www.europesays.com\/fr\/wp-json\/wp\/v2\/users\/2"}],"replies":[{"embeddable":true,"href":"https:\/\/www.europesays.com\/fr\/wp-json\/wp\/v2\/comments?post=651809"}],"version-history":[{"count":0,"href":"https:\/\/www.europesays.com\/fr\/wp-json\/wp\/v2\/posts\/651809\/revisions"}],"wp:featuredmedia":[{"embeddable":true,"href":"https:\/\/www.europesays.com\/fr\/wp-json\/wp\/v2\/media\/651810"}],"wp:attachment":[{"href":"https:\/\/www.europesays.com\/fr\/wp-json\/wp\/v2\/media?parent=651809"}],"wp:term":[{"taxonomy":"category","embeddable":true,"href":"https:\/\/www.europesays.com\/fr\/wp-json\/wp\/v2\/categories?post=651809"},{"taxonomy":"post_tag","embeddable":true,"href":"https:\/\/www.europesays.com\/fr\/wp-json\/wp\/v2\/tags?post=651809"}],"curies":[{"name":"wp","href":"https:\/\/api.w.org\/{rel}","templated":true}]}}