{"id":651811,"date":"2026-01-09T14:10:11","date_gmt":"2026-01-09T14:10:11","guid":{"rendered":"https:\/\/www.europesays.com\/fr\/651811\/"},"modified":"2026-01-09T14:10:11","modified_gmt":"2026-01-09T14:10:11","slug":"une-mere-et-son-nourrisson-renverses-sur-un-passage-pieton-un-automobiliste-de-75-ans-arrete-par-la-police-a-toulouse","status":"publish","type":"post","link":"https:\/\/www.europesays.com\/fr\/651811\/","title":{"rendered":"Une m\u00e8re et son nourrisson renvers\u00e9s sur un passage pi\u00e9ton\u00a0: un automobiliste de 75 ans arr\u00eat\u00e9 par la police \u00e0 Toulouse"},"content":{"rendered":"<p>\n                                                                    l&rsquo;essentiel<br \/>\n                                                                Un accident dramatique \u00e0 Toulouse a trouv\u00e9 son d\u00e9nouement. Un homme de 75 ans a \u00e9t\u00e9 arr\u00eat\u00e9 pour avoir renvers\u00e9 une m\u00e8re et son nourrisson le 29\u00a0d\u00e9cembre. Pourquoi a-t-il pris la fuite\u00a0? Le myst\u00e8re demeure.\n                            <\/p>\n<p>Une enqu\u00eate men\u00e9e tambour battant par les unit\u00e9s d\u2019enqu\u00eate de la police nationale vient d\u2019\u00eatre r\u00e9solue, \u00e0 Toulouse. Ce jeudi 8\u00a0janvier, les enqu\u00eateurs du groupe d\u2019appui judiciaire de la Rive droite ont interpell\u00e9 un homme \u00e2g\u00e9 de 75 ans. Ce septuag\u00e9naire, plac\u00e9 en garde \u00e0 vue, a reconnu \u00eatre le conducteur qui a renvers\u00e9 une m\u00e8re et son nourrisson, en d\u00e9but de soir\u00e9e le 29\u00a0d\u00e9cembre \u00e0 Toulouse.<\/p>\n<p>Ce jour-l\u00e0, cette m\u00e8re de famille et son dernier fils, alors seulement \u00e2g\u00e9 de 14 jours, traversaient la chauss\u00e9e \u00e0 hauteur du centre commercial de Balma-Gramont, \u00e0 l\u2019est de l\u2019agglom\u00e9ration toulousaine. La maman, qui sortait du centre commercial, poussait la poussette quand un automobiliste les a percut\u00e9s. \u00ab\u00a0J\u2019ai eu un doute apr\u00e8s l\u2019accident mais le feu \u00e9tait bien vert pour les pi\u00e9tons. Un automobiliste qui s\u2019est arr\u00eat\u00e9 pour nous aider me l\u2019a confirm\u00e9\u00a0\u00bb, nous expliquait cette femme de 37 ans en d\u00e9but d\u2019ann\u00e9e.<\/p>\n<p class=\"std-elt__inline\">\n        <strong>\u00c0 lire aussi :<\/strong><br \/>\n        <a href=\"https:\/\/www.ladepeche.fr\/2026\/01\/02\/exclusif-on-a-vraiment-eu-beaucoup-de-chance-la-maman-fauchee-sur-un-passage-pieton-avec-son-bebe-temoigne-13140687.php\" target=\"_blank\" rel=\"noopener\">TEMOIGNAGE. La maman fauch\u00e9e sur un passage pi\u00e9ton avec son b\u00e9b\u00e9 raconte\u00a0: \u00ab\u00a0On a vraiment eu beaucoup de chance\u00a0\u00bb<\/a>\n    <\/p>\n<p>L\u2019aide d\u2019un t\u00e9moin affol\u00e9, mais pas du conducteur fautif. Ce dernier a en effet pris la fuite, laissant derri\u00e8re lui une m\u00e8re qui souffrait d\u2019une fracture de la jambe et son fils, indemne. \u00ab\u00a0Un miracle\u00a0\u00bb, soulignait alors la police. Pour retrouver ce chauffard, les policiers se sont lanc\u00e9s dans une vaste enqu\u00eate. Audition des t\u00e9moins de la collision, images de vid\u00e9osurveillance, un appel \u00e0 t\u00e9moins diffus\u00e9 dans les m\u00e9dias\u2026 Peu \u00e0 peu, les morceaux du puzzle ont \u00e9t\u00e9 associ\u00e9s.<\/p>\n<p>Pr\u00e9sent\u00e9 au parquet ce vendredi<\/p>\n<p>Et ce jeudi, les policiers en charge du dossier, qui travaillent pour le groupe d\u2019appui judiciaire de la Rive droite, ont d\u00e9barqu\u00e9 chez un homme \u00e2g\u00e9 de 75 ans\u00a0! Interpell\u00e9 dans le nord de l\u2019agglom\u00e9ration de la Ville rose, plac\u00e9 en garde \u00e0 vue, ce conducteur a reconnu son implication. Pourquoi a-t-il pris la fuite\u00a0? La question reste encore en suspens. \u00ab\u00a0Il affirme ne pas avoir r\u00e9alis\u00e9 avoir provoqu\u00e9 un accident\u00a0\u00bb, confie une source proche du dossier.<\/p>\n<p class=\"std-elt__inline\">\n        <strong>\u00c0 lire aussi :<\/strong><br \/>\n        <a href=\"https:\/\/www.ladepeche.fr\/2025\/12\/31\/maman-et-bebe-renverses-sur-un-passage-pietons-chauffard-en-fuite-appels-a-temoins-ce-que-lon-sait-13138674.php\" target=\"_blank\" rel=\"noopener\">Maman et b\u00e9b\u00e9 renvers\u00e9s sur un passage pi\u00e9tons, chauffard en fuite, appels \u00e0 t\u00e9moins\u2026 Ce que l\u2019on sait<\/a>\n    <\/p>\n<p>Apr\u00e8s 24\u00a0heures de garde \u00e0 vue, cet homme sans pass\u00e9 judiciaire marqu\u00e9 doit \u00eatre pr\u00e9sent\u00e9 au parquet de Toulouse ce vendredi matin. Il pourrait \u00eatre tr\u00e8s rapidement jug\u00e9 devant le tribunal correctionnel de Toulouse. Peut-\u00eatre d\u00e8s ce vendredi apr\u00e8s-midi, dans le cadre des comparutions imm\u00e9diates. Quant \u00e0 la victime, qui souffre d\u2019une fracture du p\u00e9ron\u00e9, et son fils qui va bien, ils essayent d\u2019oublier cet \u00e9v\u00e9nement traumatisant.<\/p>\n","protected":false},"excerpt":{"rendered":"l&rsquo;essentiel Un accident dramatique \u00e0 Toulouse a trouv\u00e9 son d\u00e9nouement. Un homme de 75 ans a \u00e9t\u00e9 arr\u00eat\u00e9&hellip;\n","protected":false},"author":2,"featured_media":651812,"comment_status":"","ping_status":"","sticky":false,"template":"","format":"standard","meta":{"footnotes":""},"categories":[2816],"tags":[3085,1111,11,1777,674,118,1011,27,2722,12,2680,25,2312],"class_list":{"0":"post-651811","1":"post","2":"type-post","3":"status-publish","4":"format-standard","5":"has-post-thumbnail","7":"category-toulouse","8":"tag-accidents","9":"tag-actu","10":"tag-actualites","11":"tag-eu","12":"tag-europe","13":"tag-faits-divers","14":"tag-fr","15":"tag-france","16":"tag-haute-garonne","17":"tag-news","18":"tag-occitanie","19":"tag-republique-francaise","20":"tag-toulouse"},"share_on_mastodon":{"url":"https:\/\/pubeurope.com\/@fr\/115865545848847851","error":""},"_links":{"self":[{"href":"https:\/\/www.europesays.com\/fr\/wp-json\/wp\/v2\/posts\/651811","targetHints":{"allow":["GET"]}}],"collection":[{"href":"https:\/\/www.europesays.com\/fr\/wp-json\/wp\/v2\/posts"}],"about":[{"href":"https:\/\/www.europesays.com\/fr\/wp-json\/wp\/v2\/types\/post"}],"author":[{"embeddable":true,"href":"https:\/\/www.europesays.com\/fr\/wp-json\/wp\/v2\/users\/2"}],"replies":[{"embeddable":true,"href":"https:\/\/www.europesays.com\/fr\/wp-json\/wp\/v2\/comments?post=651811"}],"version-history":[{"count":0,"href":"https:\/\/www.europesays.com\/fr\/wp-json\/wp\/v2\/posts\/651811\/revisions"}],"wp:featuredmedia":[{"embeddable":true,"href":"https:\/\/www.europesays.com\/fr\/wp-json\/wp\/v2\/media\/651812"}],"wp:attachment":[{"href":"https:\/\/www.europesays.com\/fr\/wp-json\/wp\/v2\/media?parent=651811"}],"wp:term":[{"taxonomy":"category","embeddable":true,"href":"https:\/\/www.europesays.com\/fr\/wp-json\/wp\/v2\/categories?post=651811"},{"taxonomy":"post_tag","embeddable":true,"href":"https:\/\/www.europesays.com\/fr\/wp-json\/wp\/v2\/tags?post=651811"}],"curies":[{"name":"wp","href":"https:\/\/api.w.org\/{rel}","templated":true}]}}