{"id":651813,"date":"2026-01-09T14:11:10","date_gmt":"2026-01-09T14:11:10","guid":{"rendered":"https:\/\/www.europesays.com\/fr\/651813\/"},"modified":"2026-01-09T14:11:10","modified_gmt":"2026-01-09T14:11:10","slug":"investec-champions-cup-les-compositions-de-saracens-toulouse-blair-kinghorn-en-10-peato-mauvaka-sur-le-banc","status":"publish","type":"post","link":"https:\/\/www.europesays.com\/fr\/651813\/","title":{"rendered":"Investec Champions Cup &#8211; Les compositions de Saracens &#8211; Toulouse : Blair Kinghorn en 10, Peato Mauvaka sur le banc"},"content":{"rendered":"<p>\n                Toulouse se d\u00e9place sur la pelouse des Saracens ce dimanche pour le compte de la 3e journ\u00e9e de Champions Cup. Les Toulousains compteront sur Blair Kinghorn \u00e0 l&rsquo;ouverture, alors que Peato Mauvaka sera sur le banc.\u00a0\n            <\/p>\n<p><strong>Le XV de d\u00e9part des Saracens :\u00a0<\/strong>15. Daly ; 14. Caluori, 13. Lozowski,<strong> <\/strong>12. Hartley, 11. Segun ; 10. Burke, 9. van Zyl\u00a0; 7. Gonzalez, 8. Willis, 6. McFarland ; 5. Tizard, 4.Itoje (cap.) ; 3. Street, 2. George, 1. Mawi.<\/p>\n<p>Rempla\u00e7ants\u2005: 16. Hadfield, 17. Carre<strong>, <\/strong>18. Riccioni, 19. Onyeama-Christie, 20. Earl, 21. Bracken, 22. Farrell, 23. Malins.<\/p>\n<p><strong>Le XV de d\u00e9part probable de Toulouse :<\/strong> 15. Ramos\u2005; 14. Delibes, 13.\u00a0Costes,<strong> <\/strong>12. Chocobares, 11. Lebel\u2005; 10. Kinghorn, 9. Dupont\u2005(cap.) ; 7.Jelonch, 8. Roumat, 6. Willis\u2005; 5. Meafou,\u00a04.Flament\u2005; 3.\u00a0Aldegheri, 2. Marchand, 1. Ainu&rsquo;u.<\/p>\n<p>Rempla\u00e7ants\u2005: 16. Mauvaka, 17.\u00a0 Bertrand<strong>, <\/strong>18.\u00a0Mallez, 19. Brennan, 20. Elias, 21. Banos, 22. Graou, 23. Vign\u00e8res.<\/p>\n","protected":false},"excerpt":{"rendered":"Toulouse se d\u00e9place sur la pelouse des Saracens ce dimanche pour le compte de la 3e journ\u00e9e de&hellip;\n","protected":false},"author":2,"featured_media":651814,"comment_status":"","ping_status":"","sticky":false,"template":"","format":"standard","meta":{"footnotes":""},"categories":[2816],"tags":[1111,11,1777,674,1011,27,68895,12,2680,25,68796,2312],"class_list":{"0":"post-651813","1":"post","2":"type-post","3":"status-publish","4":"format-standard","5":"has-post-thumbnail","7":"category-toulouse","8":"tag-actu","9":"tag-actualites","10":"tag-eu","11":"tag-europe","12":"tag-fr","13":"tag-france","14":"tag-investec-champions-cup","15":"tag-news","16":"tag-occitanie","17":"tag-republique-francaise","18":"tag-rugby-u00e0-xv","19":"tag-toulouse"},"share_on_mastodon":{"url":"https:\/\/pubeurope.com\/@fr\/115865549867055181","error":""},"_links":{"self":[{"href":"https:\/\/www.europesays.com\/fr\/wp-json\/wp\/v2\/posts\/651813","targetHints":{"allow":["GET"]}}],"collection":[{"href":"https:\/\/www.europesays.com\/fr\/wp-json\/wp\/v2\/posts"}],"about":[{"href":"https:\/\/www.europesays.com\/fr\/wp-json\/wp\/v2\/types\/post"}],"author":[{"embeddable":true,"href":"https:\/\/www.europesays.com\/fr\/wp-json\/wp\/v2\/users\/2"}],"replies":[{"embeddable":true,"href":"https:\/\/www.europesays.com\/fr\/wp-json\/wp\/v2\/comments?post=651813"}],"version-history":[{"count":0,"href":"https:\/\/www.europesays.com\/fr\/wp-json\/wp\/v2\/posts\/651813\/revisions"}],"wp:featuredmedia":[{"embeddable":true,"href":"https:\/\/www.europesays.com\/fr\/wp-json\/wp\/v2\/media\/651814"}],"wp:attachment":[{"href":"https:\/\/www.europesays.com\/fr\/wp-json\/wp\/v2\/media?parent=651813"}],"wp:term":[{"taxonomy":"category","embeddable":true,"href":"https:\/\/www.europesays.com\/fr\/wp-json\/wp\/v2\/categories?post=651813"},{"taxonomy":"post_tag","embeddable":true,"href":"https:\/\/www.europesays.com\/fr\/wp-json\/wp\/v2\/tags?post=651813"}],"curies":[{"name":"wp","href":"https:\/\/api.w.org\/{rel}","templated":true}]}}