{"id":651815,"date":"2026-01-09T14:12:19","date_gmt":"2026-01-09T14:12:19","guid":{"rendered":"https:\/\/www.europesays.com\/fr\/651815\/"},"modified":"2026-01-09T14:12:19","modified_gmt":"2026-01-09T14:12:19","slug":"voici-le-top-10-dans-le-nord","status":"publish","type":"post","link":"https:\/\/www.europesays.com\/fr\/651815\/","title":{"rendered":"voici le Top 10 dans le Nord"},"content":{"rendered":"<p>                    Par<br \/>\n        <strong><br \/>\n            <a href=\"https:\/\/actu.fr\/auteur\/nicolas-demollien\" title=\"Consulter tous les articles de Nicolas Demollien\" target=\"_blank\" rel=\"noopener\">Nicolas Demollien<\/a><br \/>\n                    <\/strong><\/p>\n<p>        Publi\u00e9 le<\/p>\n<p>            9 janv. 2026 \u00e0 10h42        <\/p>\n<p>Toujours tr\u00e8s attendu des afficionados des <b>sandwichs kebab<\/b>, le <b>classement annuel 2026<\/b> du <a href=\"https:\/\/www.kebab-frites.com\/meilleur-kebab\/\" target=\"_blank\" rel=\"noopener\">site kebab-frites.com<\/a> vient de tomber ! Et comme souvent, un <b>\u00e9tablissement<\/b> de <a href=\"https:\/\/actu.fr\/hauts-de-france\/lille_59350\" target=\"_blank\" rel=\"noopener\">Lille<\/a> (Nord) figure <b>parmi les trois meilleurs de France<\/b>. Il figure <b>m\u00eame en seconde position<\/b>. L\u2019occasion \u00e9galement de faire le point sur le <b>classement dans le d\u00e9partement<\/b>.<\/p>\n<p>Un kebab de Lille parmi les meilleurs de France, voici le top 10 dans le Nord<\/p>\n<p class=\" wall-content\">Cet \u00e9tablissement en seconde position du classement national, c\u2019est le d\u00e9sormais tr\u00e8s r\u00e9put\u00e9 <b>Unik Kebab<\/b> \u00e0 Lille. On notera \u00e9galement la <b>belle 4e place nationale pour le Pacha Saint-Andr\u00e9<\/b> de <a href=\"https:\/\/actu.fr\/hauts-de-france\/saint-andre-lez-lille_59527\" target=\"_blank\" rel=\"noopener\">Saint-Andr\u00e9-lez-Lille<\/a>.\u00a0<\/p>\n<p class=\" wall-content\">Toujours selon le site, voici le <b>Top 10 des meilleurs kebabs dans le d\u00e9partement du Nord<\/b> :\u00a0<\/p>\n<ol class=\" wall-content\">\n<li><b>Unik Kebab<\/b> \u00e0 Lille (rue Thumesnil) ;<\/li>\n<li><b>Pacha Saint-Andr\u00e9<\/b> \u00e0 Saint-Andr\u00e9-lez-Lille (95, rue du g\u00e9n\u00e9ral Leclerc) ;<\/li>\n<li><b>Au palais d\u2019heline<\/b> \u00e0 <a href=\"https:\/\/actu.fr\/hauts-de-france\/wallers_59632\" target=\"_blank\" rel=\"noopener\">Wallers<\/a> (14, rue Jules Mateotti) ;<\/li>\n<li><b>Nefs Berliner kebab<\/b> \u00e0 Lille (36, rue Massena) ;<\/li>\n<li><b>Istanbul Palace<\/b> \u00e0 <a href=\"https:\/\/actu.fr\/hauts-de-france\/villeneuve-d-ascq_59009\" target=\"_blank\" rel=\"noopener\">Villeneuve-d\u2019Ascq<\/a> (chauss\u00e9e de l\u2019h\u00f4tel de ville) ;<\/li>\n<li><b>Speed Kebab <\/b>\u00e0 <a href=\"https:\/\/actu.fr\/hauts-de-france\/roubaix_59512\" target=\"_blank\" rel=\"noopener\">Roubaix<\/a> (2, rue de Lille) ;<\/li>\n<li><b>Aspendos<\/b> \u00e0 Lille (10, rue des Sarrazins) ;<\/li>\n<li><b>El Pacha<\/b> \u00e0 <a href=\"https:\/\/actu.fr\/hauts-de-france\/la-madeleine_59368\" target=\"_blank\" rel=\"noopener\">La Madeleine<\/a> (253, rue du g\u00e9n\u00e9ral de Gaulle) ;<\/li>\n<li><b>Snack Antalya<\/b> \u00e0 <a href=\"https:\/\/actu.fr\/hauts-de-france\/douai_59178\" target=\"_blank\" rel=\"noopener\">Douai<\/a> (21, rue du pont \u00e0 l\u2019herbe) ;<\/li>\n<li><b>Ifood<\/b> \u00e0 Douai (168, rue des Wetz).<\/li>\n<\/ol>\n<p class=\" wall-content\">Et vous, quel est votre \u00e9tablissement dans le Nord ?<\/p>\n<p class=\" wall-content\">Personnalisez votre actualit\u00e9 en ajoutant vos villes et m\u00e9dias en favori avec <a href=\"https:\/\/moncompte.actu.fr\" title=\"D\u00e9couvez Mon Actu\" rel=\"nofollow noopener\" data-trk=\"{&quot;cta&quot;:{&quot;action&quot;:&quot;https:\\\/\\\/moncompte.actu.fr&quot;,&quot;category&quot;:&quot;mon compte&quot;,&quot;from&quot;:&quot;article footer&quot;,&quot;name&quot;:&quot;Mon actu&quot;,&quot;type&quot;:&quot;cta&quot;}}\" target=\"_blank\">Mon Actu<\/a>.<\/p>\n","protected":false},"excerpt":{"rendered":"Par Nicolas Demollien Publi\u00e9 le 9 janv. 2026 \u00e0 10h42 Toujours tr\u00e8s attendu des afficionados des sandwichs kebab,&hellip;\n","protected":false},"author":2,"featured_media":651816,"comment_status":"","ping_status":"","sticky":false,"template":"","format":"standard","meta":{"footnotes":""},"categories":[2815],"tags":[1111,11,1777,674,1011,27,811,1307,12,25,104,10479],"class_list":{"0":"post-651815","1":"post","2":"type-post","3":"status-publish","4":"format-standard","5":"has-post-thumbnail","7":"category-lille","8":"tag-actu","9":"tag-actualites","10":"tag-eu","11":"tag-europe","12":"tag-fr","13":"tag-france","14":"tag-hauts-de-france","15":"tag-lille","16":"tag-news","17":"tag-republique-francaise","18":"tag-societe","19":"tag-street-food"},"share_on_mastodon":{"url":"https:\/\/pubeurope.com\/@fr\/115865553924284968","error":""},"_links":{"self":[{"href":"https:\/\/www.europesays.com\/fr\/wp-json\/wp\/v2\/posts\/651815","targetHints":{"allow":["GET"]}}],"collection":[{"href":"https:\/\/www.europesays.com\/fr\/wp-json\/wp\/v2\/posts"}],"about":[{"href":"https:\/\/www.europesays.com\/fr\/wp-json\/wp\/v2\/types\/post"}],"author":[{"embeddable":true,"href":"https:\/\/www.europesays.com\/fr\/wp-json\/wp\/v2\/users\/2"}],"replies":[{"embeddable":true,"href":"https:\/\/www.europesays.com\/fr\/wp-json\/wp\/v2\/comments?post=651815"}],"version-history":[{"count":0,"href":"https:\/\/www.europesays.com\/fr\/wp-json\/wp\/v2\/posts\/651815\/revisions"}],"wp:featuredmedia":[{"embeddable":true,"href":"https:\/\/www.europesays.com\/fr\/wp-json\/wp\/v2\/media\/651816"}],"wp:attachment":[{"href":"https:\/\/www.europesays.com\/fr\/wp-json\/wp\/v2\/media?parent=651815"}],"wp:term":[{"taxonomy":"category","embeddable":true,"href":"https:\/\/www.europesays.com\/fr\/wp-json\/wp\/v2\/categories?post=651815"},{"taxonomy":"post_tag","embeddable":true,"href":"https:\/\/www.europesays.com\/fr\/wp-json\/wp\/v2\/tags?post=651815"}],"curies":[{"name":"wp","href":"https:\/\/api.w.org\/{rel}","templated":true}]}}