{"id":651823,"date":"2026-01-09T14:16:18","date_gmt":"2026-01-09T14:16:18","guid":{"rendered":"https:\/\/www.europesays.com\/fr\/651823\/"},"modified":"2026-01-09T14:16:18","modified_gmt":"2026-01-09T14:16:18","slug":"les-feministes-et-la-cgt-font-monter-la-pression","status":"publish","type":"post","link":"https:\/\/www.europesays.com\/fr\/651823\/","title":{"rendered":"les f\u00e9ministes et la CGT font monter la pression"},"content":{"rendered":"<p>Depuis des mois, le collectif f\u00e9ministe Nous toutes r\u00e9clame l\u2019annulation du spectacle \u00ab\u00a0Authentique\u00a0\u00bb d\u2019Ary Abittan. Programm\u00e9e dans un premier temps en novembre \u00e0 la Bourse du Travail \u00e0 Lyon, lors de la Journ\u00e9e internationale de lutte pour l\u2019\u00e9limination des violences \u00e0 l\u2019\u00e9gard des femmes, la repr\u00e9sentation avait finalement \u00e9t\u00e9 report\u00e9e au samedi 10\u00a0janvier.<\/p>\n<p>Pour les f\u00e9ministes, le probl\u00e8me est de \u00ab\u00a0donner une sc\u00e8ne \u00e0 un homme accus\u00e9 de viol, qui utilise cette affaire comme ressort comique dans son spectacle\u00a0\u00bb.<\/p>\n<p>\u00ab\u00a0La justice a fait son travail et moi je veux reprendre le mien\u00a0\u00bb, s\u2019est d\u00e9fendu Ary Abittan, il y a un mois, au micro de RCJ.<\/p>\n<p>Accus\u00e9 de viol en 2021 par une femme de 23 ans, Ary Abittan a b\u00e9n\u00e9fici\u00e9 d\u2019un non-lieu, la justice a estim\u00e9 qu\u2019il n\u2019existait pas \u00ab\u00a0de charges suffisantes\u00a0\u00bb pour le renvoyer devant la cour criminelle. \u00ab\u00a0Ce qui ne signifie pas qu\u2019il est innocent, mais qu\u2019il n\u2019y a pas eu suffisamment d\u2019\u00e9l\u00e9ments pour un proc\u00e8s\u00a0\u00bb, mart\u00e8le Charl\u00e8ne de Nous toutes Rh\u00f4ne.<\/p>\n<p>  \u00ab\u00a0La Ville n\u2019exerce aucun r\u00f4le de programmateur artistique\u00a0\u00bb<\/p>\n<p>Le collectif demandait une action de la Ville de Lyon pour faire annuler l\u2019\u00e9v\u00e9nement, \u00ab\u00a0d\u2019autant plus que les tensions autour de cette date se sont renforc\u00e9es\u00a0\u00bb. Les f\u00e9ministes font r\u00e9f\u00e9rence aux \u00ab\u00a0sales connes\u00a0\u00bb prononc\u00e9es par <a href=\"https:\/\/www.leprogres.fr\/p\/brigitte-macron\" target=\"_blank\" rel=\"noopener\">Brigitte Macron<\/a> il y a un mois dans les coulisses du spectacle d\u2019Ary Abittan aux Folies Berg\u00e8re, \u00e0 Paris.<\/p>\n<p>\u00ab\u00a0La Bourse du travail est un \u00e9quipement municipal mis \u00e0 disposition dans le cadre de conventions de location. La Ville n\u2019exerce aucun r\u00f4le de programmateur artistique et ne peut intervenir en l\u2019absence de fondement juridique\u00a0\u00bb, ont pr\u00e9cis\u00e9 sur leurs r\u00e9seaux sociaux\u00a0Audrey H\u00e9nocque, premi\u00e8re adjointe au maire de Lyon en charge de la culture, et Sylvie Tomic, adjointe en charge des droits et \u00e9galit\u00e9s.<\/p>\n<p>\u00ab\u00a0Le maire de Lyon et l\u2019ensemble des \u00e9lus de la majorit\u00e9 r\u00e9affirment avec force leur engagement en faveur de l\u2019\u00e9galit\u00e9 entre les femmes et les hommes et de la lutte contre les violences sexistes et sexuelles\u00a0\u00bb, ont aussi assur\u00e9 les \u00e9lues.<\/p>\n<p>  Pr\u00e9avis de gr\u00e8ve de la CGT<\/p>\n<p>La CGT Ville de Lyon estime que \u00ab\u00a0maintenir ce spectacle reviendrait \u00e0 banaliser les violences sexistes et sexuelles\u00a0\u00bb, elle a d\u00e9pos\u00e9 un pr\u00e9avis de gr\u00e8ve pour ce samedi. Nous Toutes appelle\u00a0\u00e0 un rassemblement. En cours de d\u00e9claration en pr\u00e9fecture, l\u2019horaire n\u2019a pas encore \u00e9t\u00e9 pr\u00e9cis\u00e9.<\/p>\n<p>Le spectacle du com\u00e9dien est pr\u00e9vu \u00e0 20 heures, \u00e0 la Bourse du Travail. Il reste encore des places. La Fnac note sur son site internet \u00ab\u00a0une forte demande\u00a0\u00bb pour l\u2019\u00e9v\u00e9nement. Nous avons essay\u00e9 \u00e0 plusieurs reprises de contacter la production du spectacle, sans succ\u00e8s pour le moment. \u00c0 Lille, dans l\u2019Oise\u2026 des f\u00e9ministes se mobilisent pour r\u00e9clamer l\u2019annulation des repr\u00e9sentations du com\u00e9dien.<\/p>\n","protected":false},"excerpt":{"rendered":"Depuis des mois, le collectif f\u00e9ministe Nous toutes r\u00e9clame l\u2019annulation du spectacle \u00ab\u00a0Authentique\u00a0\u00bb d\u2019Ary Abittan. Programm\u00e9e dans un&hellip;\n","protected":false},"author":2,"featured_media":651824,"comment_status":"","ping_status":"","sticky":false,"template":"","format":"standard","meta":{"footnotes":""},"categories":[1889],"tags":[1111,11,2430,1687,2757,1777,674,6757,107,1011,27,2428,2756,12,25,2429,104,3140],"class_list":{"0":"post-651823","1":"post","2":"type-post","3":"status-publish","4":"format-standard","5":"has-post-thumbnail","7":"category-lyon","8":"tag-actu","9":"tag-actualites","10":"tag-auvergne-rhone-alpes","11":"tag-culture-loisirs","12":"tag-edition-lyon-villeurbanne","13":"tag-eu","14":"tag-europe","15":"tag-feminisme","16":"tag-fil-info","17":"tag-fr","18":"tag-france","19":"tag-lyon","20":"tag-lyon-bassin","21":"tag-news","22":"tag-republique-francaise","23":"tag-rhone","24":"tag-societe","25":"tag-spectacle"},"share_on_mastodon":{"url":"https:\/\/pubeurope.com\/@fr\/115865569486559015","error":""},"_links":{"self":[{"href":"https:\/\/www.europesays.com\/fr\/wp-json\/wp\/v2\/posts\/651823","targetHints":{"allow":["GET"]}}],"collection":[{"href":"https:\/\/www.europesays.com\/fr\/wp-json\/wp\/v2\/posts"}],"about":[{"href":"https:\/\/www.europesays.com\/fr\/wp-json\/wp\/v2\/types\/post"}],"author":[{"embeddable":true,"href":"https:\/\/www.europesays.com\/fr\/wp-json\/wp\/v2\/users\/2"}],"replies":[{"embeddable":true,"href":"https:\/\/www.europesays.com\/fr\/wp-json\/wp\/v2\/comments?post=651823"}],"version-history":[{"count":0,"href":"https:\/\/www.europesays.com\/fr\/wp-json\/wp\/v2\/posts\/651823\/revisions"}],"wp:featuredmedia":[{"embeddable":true,"href":"https:\/\/www.europesays.com\/fr\/wp-json\/wp\/v2\/media\/651824"}],"wp:attachment":[{"href":"https:\/\/www.europesays.com\/fr\/wp-json\/wp\/v2\/media?parent=651823"}],"wp:term":[{"taxonomy":"category","embeddable":true,"href":"https:\/\/www.europesays.com\/fr\/wp-json\/wp\/v2\/categories?post=651823"},{"taxonomy":"post_tag","embeddable":true,"href":"https:\/\/www.europesays.com\/fr\/wp-json\/wp\/v2\/tags?post=651823"}],"curies":[{"name":"wp","href":"https:\/\/api.w.org\/{rel}","templated":true}]}}