{"id":651825,"date":"2026-01-09T14:17:11","date_gmt":"2026-01-09T14:17:11","guid":{"rendered":"https:\/\/www.europesays.com\/fr\/651825\/"},"modified":"2026-01-09T14:17:11","modified_gmt":"2026-01-09T14:17:11","slug":"challenge-cup-les-compositions-de-lions-lyon-esteban-gonzalez-a-la-baguette-premiere-pour-charly-mignot","status":"publish","type":"post","link":"https:\/\/www.europesays.com\/fr\/651825\/","title":{"rendered":"Challenge Cup &#8211; Les compositions de Lions &#8211; Lyon : Esteban Gonzalez \u00e0 la baguette, premi\u00e8re pour Charly Mignot"},"content":{"rendered":"<p>\n                Lyon se d\u00e9place \u00e0 chez les Lions de Johannesburg ce samedi. Retrouvez les compositions d&rsquo;\u00e9quipe pour cette rencontre de la troisi\u00e8me journ\u00e9e de Challenge Cup.\n            <\/p>\n<p><strong>Le XV de d\u00e9part des Lions :\u00a0<\/strong>15. Horn ; 14. Kriel, 13. Cronje, 12. Mills, 11. Davids ; 10. Smith, 9. van den Berg ;\u00a07. Qoma, 8. Horn (c),\u00a06. du Plessis ; 5. Delport, 4. Sjoblom ; 3. van Vuuren, 2. Botha, 1. Davids.<\/p>\n<p>Rempla\u00e7ants:\u00a016. Brandon, 17. RF Schoeman, 18. Lombard, 19. Ru.\u00a0Schoeman, 20. Hlekani, 21. Pead, 22. van Wyk, 23. Maxwane<\/p>\n<p><strong>Le XV de d\u00e9part de Lyon :<\/strong> 15. Tchaptchet ; 14. Mignot, 13. Parisien, 12. Maraku, 11.<strong>\u00a0<\/strong>Mathiron\u00a0; 10. Jackson, 9. Gonzalez ; 7. Saghinadze, 8. Botha, 6. Deliance (cap.) ; 5. G\u00e9raci, 4. Lambey ; 3. Gomes Sa, 2. Sarragallet, 1. Kaab\u00e8che.<\/p>\n<p>Rempla\u00e7ants\u2005: 16. Marceline, 17. Rey, 18. Maalo, 19. Guillard, 20. Allen, 21. Baret, 22. Masi, 23. Wainiqolo.<\/p>\n","protected":false},"excerpt":{"rendered":"Lyon se d\u00e9place \u00e0 chez les Lions de Johannesburg ce samedi. Retrouvez les compositions d&rsquo;\u00e9quipe pour cette rencontre&hellip;\n","protected":false},"author":2,"featured_media":651826,"comment_status":"","ping_status":"","sticky":false,"template":"","format":"standard","meta":{"footnotes":""},"categories":[1889],"tags":[1111,11,2430,69590,1777,674,1011,27,2428,12,25,68796],"class_list":{"0":"post-651825","1":"post","2":"type-post","3":"status-publish","4":"format-standard","5":"has-post-thumbnail","7":"category-lyon","8":"tag-actu","9":"tag-actualites","10":"tag-auvergne-rhone-alpes","11":"tag-epcr-challenge-cup","12":"tag-eu","13":"tag-europe","14":"tag-fr","15":"tag-france","16":"tag-lyon","17":"tag-news","18":"tag-republique-francaise","19":"tag-rugby-u00e0-xv"},"share_on_mastodon":{"url":"https:\/\/pubeurope.com\/@fr\/115865573334368952","error":""},"_links":{"self":[{"href":"https:\/\/www.europesays.com\/fr\/wp-json\/wp\/v2\/posts\/651825","targetHints":{"allow":["GET"]}}],"collection":[{"href":"https:\/\/www.europesays.com\/fr\/wp-json\/wp\/v2\/posts"}],"about":[{"href":"https:\/\/www.europesays.com\/fr\/wp-json\/wp\/v2\/types\/post"}],"author":[{"embeddable":true,"href":"https:\/\/www.europesays.com\/fr\/wp-json\/wp\/v2\/users\/2"}],"replies":[{"embeddable":true,"href":"https:\/\/www.europesays.com\/fr\/wp-json\/wp\/v2\/comments?post=651825"}],"version-history":[{"count":0,"href":"https:\/\/www.europesays.com\/fr\/wp-json\/wp\/v2\/posts\/651825\/revisions"}],"wp:featuredmedia":[{"embeddable":true,"href":"https:\/\/www.europesays.com\/fr\/wp-json\/wp\/v2\/media\/651826"}],"wp:attachment":[{"href":"https:\/\/www.europesays.com\/fr\/wp-json\/wp\/v2\/media?parent=651825"}],"wp:term":[{"taxonomy":"category","embeddable":true,"href":"https:\/\/www.europesays.com\/fr\/wp-json\/wp\/v2\/categories?post=651825"},{"taxonomy":"post_tag","embeddable":true,"href":"https:\/\/www.europesays.com\/fr\/wp-json\/wp\/v2\/tags?post=651825"}],"curies":[{"name":"wp","href":"https:\/\/api.w.org\/{rel}","templated":true}]}}