{"id":651829,"date":"2026-01-09T14:20:12","date_gmt":"2026-01-09T14:20:12","guid":{"rendered":"https:\/\/www.europesays.com\/fr\/651829\/"},"modified":"2026-01-09T14:20:12","modified_gmt":"2026-01-09T14:20:12","slug":"les-frappes-russes-de-la-nuit-demontrent-que-vladimir-poutine-ne-veut-pas-la-paix-estime-la-cheffe-de-la-diplomatie-de-lue","status":"publish","type":"post","link":"https:\/\/www.europesays.com\/fr\/651829\/","title":{"rendered":"les frappes russes de\u00a0la\u00a0nuit d\u00e9montrent que Vladimir Poutine \u00ab\u00a0ne\u00a0veut pas la\u00a0paix\u00a0\u00bb, estime la\u00a0cheffe de\u00a0la\u00a0diplomatie de\u00a0l\u2019UE"},"content":{"rendered":"<p>   Apr\u00e8s les frappes russes en Ukraine, 20 immeubles r\u00e9sidentiels et l\u2019ambassade du Qatar endommag\u00e9s \u00e0 Kiev               <img decoding=\"async\" class=\"post__live-container--img post__space-node\"  src=\"https:\/\/www.europesays.com\/fr\/wp-content\/uploads\/2026\/01\/16a3a43_ftp-1-nxo0qmevk9e3-843fcd64a9764175b4476a70eb6135eb-0-dea42f45821141998fd83c501cca73c0.jpg\" data- alt=\"Un immeuble r\u00e9sidentiel apr\u00e8s l\u2019attaque russe sur Kiev, le 9\u00a0janvier 2026.\"\/>   Un immeuble r\u00e9sidentiel apr\u00e8s l\u2019attaque russe sur Kiev, le 9\u00a0janvier 2026. EVGENIY MALOLETKA\/AP               <\/p>\n<p class=\"post__live-container--answer-text post__space-node\">L\u2019attaque russe nocturne contre l\u2019Ukraine a endommag\u00e9 20 immeubles r\u00e9sidentiels et l\u2019ambassade du Qatar \u00e0 Kiev, a fait savoir vendredi <a href=\"https:\/\/t.me\/V_Zelenskiy_official\/17604\" target=\"_blank\" rel=\"noopener\" title=\"Nouvelle fen\u00eatre\">le pr\u00e9sident ukrainien, Volodymyr Zelensky<\/a>, sur les r\u00e9seaux sociaux. \u00ab\u00a0Le b\u00e2timent de l\u2019ambassade du Qatar a \u00e9t\u00e9 endommag\u00e9 par un drone russe\u00a0\u00bb, a d\u00e9clar\u00e9 M.\u00a0Zelensky. Il a aussi confirm\u00e9 le bilan de quatre morts \u00e0 Kiev.<\/p>\n<p class=\"post__live-container--answer-text post__space-node\">Parmi ces victimes, un ambulancier tu\u00e9 dans une double frappe sur un immeuble r\u00e9sidentiel dans le quartier Darnytsky (sud-est de la ville), a pr\u00e9cis\u00e9 <a href=\"https:\/\/t.me\/Klymenko_MVS\/2109\" target=\"_blank\" rel=\"noopener\" title=\"Nouvelle fen\u00eatre\">le ministre de l\u2019int\u00e9rieur, Ihor Klymenko, sur Telegram.<\/a> \u00ab\u00a0L\u2019ennemi a de nouveau frapp\u00e9 un immeuble \u00e0 plusieurs \u00e9tages, au moment m\u00eame o\u00f9 des secouristes et le personnel m\u00e9dical travaillaient d\u00e9j\u00e0 sur place\u00a0\u00bb, a d\u00e9clar\u00e9 le ministre sur les r\u00e9seaux sociaux.<\/p>\n<p class=\"post__live-container--answer-text post__space-node\">Cinq secouristes, quatre membres du personnel m\u00e9dical et un policier ont \u00e9t\u00e9 bless\u00e9s sur le m\u00eame site, a-t-il ajout\u00e9. Une personne a \u00e9t\u00e9 port\u00e9e disparue, selon M.\u00a0Klymenko, qui a fait savoir que l\u2019attaque avait fait \u00ab\u00a0au moins 25 bless\u00e9s\u00a0\u00bb \u00e0 Kiev.<\/p>\n<p class=\"post__live-container--answer-text post__space-node\">\u00ab\u00a0La Russie a d\u00e9lib\u00e9r\u00e9ment frapp\u00e9 des infrastructures civiles et critiques\u00a0\u00bb, a accus\u00e9 lle ministre. \u00ab\u00a0L\u2019objectif inhumain de l\u2019ennemi est de laisser des millions de personnes sans \u00e9lectricit\u00e9, sans chauffage et sans eau en plein hiver glacial.\u00a0\u00bb D\u2019apr\u00e8s lui, la capitale, Kiev, a \u00e9t\u00e9 la plus affect\u00e9e avec un total de 40 sites touch\u00e9s par des temp\u00e9ratures proches de \u2212\u00a010\u00a0\u00b0C.<\/p>\n","protected":false},"excerpt":{"rendered":"Apr\u00e8s les frappes russes en Ukraine, 20 immeubles r\u00e9sidentiels et l\u2019ambassade du Qatar endommag\u00e9s \u00e0 Kiev Un immeuble&hellip;\n","protected":false},"author":2,"featured_media":651830,"comment_status":"","ping_status":"","sticky":false,"template":"","format":"standard","meta":{"footnotes":""},"categories":[1888],"tags":[1111,1928,11,1927,1777,674,1011,27,12,1926,626,1925,25],"class_list":{"0":"post-651829","1":"post","2":"type-post","3":"status-publish","4":"format-standard","5":"has-post-thumbnail","7":"category-paris","8":"tag-actu","9":"tag-actu-paris","10":"tag-actualites","11":"tag-actualites-paris","12":"tag-eu","13":"tag-europe","14":"tag-fr","15":"tag-france","16":"tag-news","17":"tag-news-paris","18":"tag-paris","19":"tag-paris-news","20":"tag-republique-francaise"},"share_on_mastodon":{"url":"https:\/\/pubeurope.com\/@fr\/115865585272246434","error":""},"_links":{"self":[{"href":"https:\/\/www.europesays.com\/fr\/wp-json\/wp\/v2\/posts\/651829","targetHints":{"allow":["GET"]}}],"collection":[{"href":"https:\/\/www.europesays.com\/fr\/wp-json\/wp\/v2\/posts"}],"about":[{"href":"https:\/\/www.europesays.com\/fr\/wp-json\/wp\/v2\/types\/post"}],"author":[{"embeddable":true,"href":"https:\/\/www.europesays.com\/fr\/wp-json\/wp\/v2\/users\/2"}],"replies":[{"embeddable":true,"href":"https:\/\/www.europesays.com\/fr\/wp-json\/wp\/v2\/comments?post=651829"}],"version-history":[{"count":0,"href":"https:\/\/www.europesays.com\/fr\/wp-json\/wp\/v2\/posts\/651829\/revisions"}],"wp:featuredmedia":[{"embeddable":true,"href":"https:\/\/www.europesays.com\/fr\/wp-json\/wp\/v2\/media\/651830"}],"wp:attachment":[{"href":"https:\/\/www.europesays.com\/fr\/wp-json\/wp\/v2\/media?parent=651829"}],"wp:term":[{"taxonomy":"category","embeddable":true,"href":"https:\/\/www.europesays.com\/fr\/wp-json\/wp\/v2\/categories?post=651829"},{"taxonomy":"post_tag","embeddable":true,"href":"https:\/\/www.europesays.com\/fr\/wp-json\/wp\/v2\/tags?post=651829"}],"curies":[{"name":"wp","href":"https:\/\/api.w.org\/{rel}","templated":true}]}}