{"id":651842,"date":"2026-01-09T14:27:12","date_gmt":"2026-01-09T14:27:12","guid":{"rendered":"https:\/\/www.europesays.com\/fr\/651842\/"},"modified":"2026-01-09T14:27:12","modified_gmt":"2026-01-09T14:27:12","slug":"la-decision-choc-des-emirats-arabes-unis-face-au-royaume-uni-ils-ne-veulent-pas-que-leurs-enfants-soient-radicalises-sur-les-campus","status":"publish","type":"post","link":"https:\/\/www.europesays.com\/fr\/651842\/","title":{"rendered":"La d\u00e9cision choc des \u00c9mirats arabes unis face au Royaume-Uni : \u00ab\u00a0Ils ne veulent pas que leurs enfants soient radicalis\u00e9s sur les campus\u00a0\u00bb"},"content":{"rendered":"<p class=\"ap-StoryElement ap-StoryElement--mb ap-StoryText\">Malgr\u00e9 l&rsquo;excellence affich\u00e9e par les universit\u00e9s britanniques, r\u00e9guli\u00e8rement cit\u00e9es parmi les meilleures au monde, les \u00c9mirats arabes unis ont n\u00e9anmoins d\u00e9cid\u00e9 de les exclure de la liste des \u00e9tablissements \u00e9ligibles aux bourses octroy\u00e9es par l&rsquo;\u00c9tat. La raison principale ? L&rsquo;inqui\u00e9tude grandissante concernant les Fr\u00e8res musulmans, que le Royaume-Uni a, jusqu&rsquo;ici, refus\u00e9 de proscrire, contrairement aux \u00c9mirats, qui, depuis 2011, r\u00e9priment s\u00e9v\u00e8rement le mouvement.<\/p>\n<p class=\"ap-StoryElement ap-StoryElement--mb ap-StoryText\">\u00ab\u00a0Les \u00c9mirats ne veulent pas que leurs enfants soient radicalis\u00e9s sur les campus\u00a0\u00bb, a gliss\u00e9 une source proche du dossier au Financial Times.<\/p>\n<p><a href=\"https:\/\/www.lalibre.be\/belgique\/societe\/2025\/05\/31\/quel-est-ce-fameux-rapport-francais-qui-epingle-la-belgique-au-sujet-de-la-dangerosite-des-freres-musulmans-C3LDOL3T45ABTKYDXWBQJDW53U\/\" target=\"_self\" class=\"ap-StoryInterstitialLink ap-StoryElement ap-StoryElement--mb\" rel=\"noopener\">Quel est ce fameux rapport fran\u00e7ais qui \u00e9pingle la Belgique au sujet de la dangerosit\u00e9 des Fr\u00e8res musulmans<\/a>Un coup dur pour les deux partis<\/p>\n<p class=\"ap-StoryElement ap-StoryElement--mb ap-StoryText\">Cette d\u00e9cision drastique a le pouvoir de modifier consid\u00e9rablement la donne. En effet, malgr\u00e9 le refroidissement des relations entre les deux pays, le Royaume-Uni est rest\u00e9 une destination fortement populaire pour les \u00e9tudiants des \u00c9mirats arabes unis, comme le prouvent les nombreuses bourses.<\/p>\n<p class=\"ap-StoryElement ap-StoryElement--mb ap-StoryText\">Lors de l&rsquo;ann\u00e9e acad\u00e9mique 2024-2025, 213 \u00e9tudiants des \u00c9mirats ont obtenu un visa d&rsquo;\u00e9tudes au Royaume-Uni. Si ce chiffre reste haut, il repr\u00e9sente une baisse de 27 % par rapport \u00e0 2023-2024, et de 55 % par rapport \u00e0 2022-2023.<\/p>\n<p><a href=\"https:\/\/www.lalibre.be\/belgique\/societe\/2025\/05\/31\/nous-devons-tenir-les-freres-musulmans-a-loeil-en-belgique-mais-noublions-pas-des-dangers-bien-plus-importants-X7SFCP6QTVHTXODXRT4LJRLMX4\/\" target=\"_self\" class=\"ap-StoryInterstitialLink ap-StoryElement ap-StoryElement--mb\" rel=\"noopener\">\u00ab\u00a0Nous devons tenir les Fr\u00e8res musulmans \u00e0 l&rsquo;\u0153il en Belgique, mais n&rsquo;oublions pas des dangers bien plus importants\u00a0\u00bb<\/a>Une d\u00e9cision l\u00e9gitime ?<\/p>\n<p class=\"ap-StoryElement ap-StoryElement--mb ap-StoryText\">Comme le souligne le quotidien britannique, lors de l&rsquo;ann\u00e9e acad\u00e9mique 2023-2024, sur les trois millions d&rsquo;\u00e9tudiants au Royaume-Uni, 70 ont fait l&rsquo;objet d&rsquo;un signalement, apr\u00e8s avoir montr\u00e9 des signes de \u00ab\u00a0radicalisation islamiste\u00a0\u00bb. Un chiffre qui a doubl\u00e9 par rapport \u00e0 2022-2023.<\/p>\n<p class=\"ap-StoryElement ap-StoryElement--mb ap-StoryText\">Si la question du statut des Fr\u00e8res Musulmans au Royaume-Uni reste un dossier chaud pour le gouvernement de Keir Starmer, le Royaume-Uni pourrait \u00eatre n\u00e9gativement impact\u00e9 par cette d\u00e9cision, dans un contexte o\u00f9 de plus en plus d&rsquo;universit\u00e9s britanniques songent \u00e0 ouvrir un campus aux \u00c9mirats arabes unis.<\/p>\n","protected":false},"excerpt":{"rendered":"Malgr\u00e9 l&rsquo;excellence affich\u00e9e par les universit\u00e9s britanniques, r\u00e9guli\u00e8rement cit\u00e9es parmi les meilleures au monde, les \u00c9mirats arabes unis&hellip;\n","protected":false},"author":2,"featured_media":651843,"comment_status":"","ping_status":"","sticky":false,"template":"","format":"standard","meta":{"footnotes":""},"categories":[1588],"tags":[11,25089,38240,1777,674,1227,12,25091,31280,473,1853,1851,1850,1852],"class_list":{"0":"post-651842","1":"post","2":"type-post","3":"status-publish","4":"format-standard","5":"has-post-thumbnail","7":"category-royaume-uni","8":"tag-actualites","9":"tag-british-royal-family","10":"tag-christmas","11":"tag-eu","12":"tag-europe","13":"tag-horizontal","14":"tag-news","15":"tag-royal-family","16":"tag-royalty-and-nobility","17":"tag-royaume-uni","18":"tag-royaume-uni-de-grande-bretagne-et-dirlande-du-nord","19":"tag-uk","20":"tag-united-kingdom","21":"tag-united-kingdom-of-great-britain-and-northern-ireland"},"share_on_mastodon":{"url":"https:\/\/pubeurope.com\/@fr\/115865612758642341","error":""},"_links":{"self":[{"href":"https:\/\/www.europesays.com\/fr\/wp-json\/wp\/v2\/posts\/651842","targetHints":{"allow":["GET"]}}],"collection":[{"href":"https:\/\/www.europesays.com\/fr\/wp-json\/wp\/v2\/posts"}],"about":[{"href":"https:\/\/www.europesays.com\/fr\/wp-json\/wp\/v2\/types\/post"}],"author":[{"embeddable":true,"href":"https:\/\/www.europesays.com\/fr\/wp-json\/wp\/v2\/users\/2"}],"replies":[{"embeddable":true,"href":"https:\/\/www.europesays.com\/fr\/wp-json\/wp\/v2\/comments?post=651842"}],"version-history":[{"count":0,"href":"https:\/\/www.europesays.com\/fr\/wp-json\/wp\/v2\/posts\/651842\/revisions"}],"wp:featuredmedia":[{"embeddable":true,"href":"https:\/\/www.europesays.com\/fr\/wp-json\/wp\/v2\/media\/651843"}],"wp:attachment":[{"href":"https:\/\/www.europesays.com\/fr\/wp-json\/wp\/v2\/media?parent=651842"}],"wp:term":[{"taxonomy":"category","embeddable":true,"href":"https:\/\/www.europesays.com\/fr\/wp-json\/wp\/v2\/categories?post=651842"},{"taxonomy":"post_tag","embeddable":true,"href":"https:\/\/www.europesays.com\/fr\/wp-json\/wp\/v2\/tags?post=651842"}],"curies":[{"name":"wp","href":"https:\/\/api.w.org\/{rel}","templated":true}]}}