{"id":651844,"date":"2026-01-09T14:28:13","date_gmt":"2026-01-09T14:28:13","guid":{"rendered":"https:\/\/www.europesays.com\/fr\/651844\/"},"modified":"2026-01-09T14:28:13","modified_gmt":"2026-01-09T14:28:13","slug":"lallemagne-se-prepare-a-un-hiver-rude","status":"publish","type":"post","link":"https:\/\/www.europesays.com\/fr\/651844\/","title":{"rendered":"l\u2019Allemagne se pr\u00e9pare \u00e0 un hiver rude"},"content":{"rendered":"<p>L\u2019Allemagne s\u2019appr\u00eate \u00e0 vivre une onde de froid exceptionnelle, une temp\u00eate baptis\u00e9e Elli a frapp\u00e9 l\u2019ensemble du pays dans la nuit du 8 au 9 janvier, apportant de fortes pr\u00e9cipitations neigeuses. Selon les pr\u00e9visions, jusqu\u2019\u00e0 15 cm de neige sont attendus par endroits, surtout dans le nord et le nord-est du pays, des vents violents devraient provoquer des cong\u00e8res &#8211; des amas de neige form\u00e9s par le vent &#8211; et les conditions routi\u00e8res devraient \u00eatre difficiles.<\/p>\n<p>Des temp\u00e9ratures allant jusqu\u2019\u00e0 -20 \u00b0C localement sont anticip\u00e9s par le service m\u00e9t\u00e9orologique allemand DWD, avec des minimales souvent bien en dessous de z\u00e9ro. Plusieurs villes, notamment Hambourg et Br\u00eame, ont ferm\u00e9 les \u00e9coles pour vendredi, et des perturbations du trafic routier sont pr\u00e9vues. Le r\u00e9seau ferroviaire sera \u00e9galement touch\u00e9, la Deutsche Bahn anticipe des perturbations, la compagnie a annonc\u00e9 que 14 000 employ\u00e9s vont \u00eatre mobilis\u00e9s, pour d\u00e9neiger et d\u00e9givrer les quais et les voies.<\/p>\n<p>Face \u00e0 ces conditions, les autorit\u00e9s appellent \u00e0 la prudence : h\u00f4pitaux signalent d\u00e9j\u00e0 une hausse d\u2019accidents li\u00e9s au verglas, et des \u00e9quipes de d\u00e9neigement sont mobilis\u00e9es partout dans le pays.\u00a0<\/p>\n<p>Pour recevoir gratuitement notre newsletter du lundi au vendredi,\u00a0<a href=\"https:\/\/lepetitjournal.com\/newsletter\" target=\"_blank\" rel=\"noopener\">inscrivez-vous<\/a>\u00a0!<br \/>Pour nous suivre sur\u00a0<a href=\"https:\/\/www.facebook.com\/LPJAllemagne\/\" target=\"_blank\" rel=\"noopener\">Facebook<\/a>,\u00a0<a href=\"https:\/\/twitter.com\/LPJ_Allemagne\" target=\"_blank\" rel=\"noopener\">Twitter<\/a>,<a href=\"https:\/\/www.linkedin.com\/company\/lepetitjournal-com-allemagne\" target=\"_blank\" rel=\"noopener\">\u00a0LinkedIn<\/a>\u00a0et\u00a0<a href=\"https:\/\/www.instagram.com\/lpj_Allemagne\/\" target=\"_blank\" rel=\"noopener\">Instagram<\/a>.<\/p>\n<p><script async src=\"https:\/\/platform.twitter.com\/widgets.js\" charset=\"utf-8\"><\/script><script async src=\"\/\/www.instagram.com\/embed.js\"><\/script><\/p>\n","protected":false},"excerpt":{"rendered":"L\u2019Allemagne s\u2019appr\u00eate \u00e0 vivre une onde de froid exceptionnelle, une temp\u00eate baptis\u00e9e Elli a frapp\u00e9 l\u2019ensemble du pays&hellip;\n","protected":false},"author":2,"featured_media":651845,"comment_status":"","ping_status":"","sticky":false,"template":"","format":"standard","meta":{"footnotes":""},"categories":[1587],"tags":[11,672,1804,1805,1803,1777,674,1801,12,1802],"class_list":{"0":"post-651844","1":"post","2":"type-post","3":"status-publish","4":"format-standard","5":"has-post-thumbnail","7":"category-allemagne","8":"tag-actualites","9":"tag-allemagne","10":"tag-bundesrepublik-deutschland","11":"tag-de","12":"tag-deutschland","13":"tag-eu","14":"tag-europe","15":"tag-germany","16":"tag-news","17":"tag-republique-federale-dallemagne"},"share_on_mastodon":{"url":"https:\/\/pubeurope.com\/@fr\/115865616750158963","error":""},"_links":{"self":[{"href":"https:\/\/www.europesays.com\/fr\/wp-json\/wp\/v2\/posts\/651844","targetHints":{"allow":["GET"]}}],"collection":[{"href":"https:\/\/www.europesays.com\/fr\/wp-json\/wp\/v2\/posts"}],"about":[{"href":"https:\/\/www.europesays.com\/fr\/wp-json\/wp\/v2\/types\/post"}],"author":[{"embeddable":true,"href":"https:\/\/www.europesays.com\/fr\/wp-json\/wp\/v2\/users\/2"}],"replies":[{"embeddable":true,"href":"https:\/\/www.europesays.com\/fr\/wp-json\/wp\/v2\/comments?post=651844"}],"version-history":[{"count":0,"href":"https:\/\/www.europesays.com\/fr\/wp-json\/wp\/v2\/posts\/651844\/revisions"}],"wp:featuredmedia":[{"embeddable":true,"href":"https:\/\/www.europesays.com\/fr\/wp-json\/wp\/v2\/media\/651845"}],"wp:attachment":[{"href":"https:\/\/www.europesays.com\/fr\/wp-json\/wp\/v2\/media?parent=651844"}],"wp:term":[{"taxonomy":"category","embeddable":true,"href":"https:\/\/www.europesays.com\/fr\/wp-json\/wp\/v2\/categories?post=651844"},{"taxonomy":"post_tag","embeddable":true,"href":"https:\/\/www.europesays.com\/fr\/wp-json\/wp\/v2\/tags?post=651844"}],"curies":[{"name":"wp","href":"https:\/\/api.w.org\/{rel}","templated":true}]}}