{"id":651855,"date":"2026-01-09T14:36:10","date_gmt":"2026-01-09T14:36:10","guid":{"rendered":"https:\/\/www.europesays.com\/fr\/651855\/"},"modified":"2026-01-09T14:36:10","modified_gmt":"2026-01-09T14:36:10","slug":"transferts-de-legende-mike-phillips-a-bayonne-un-mariage-pour-le-pire-ce-quil-a-fait-est-inexcusable","status":"publish","type":"post","link":"https:\/\/www.europesays.com\/fr\/651855\/","title":{"rendered":"Transferts de l\u00e9gende \u2013 Mike Phillips \u00e0 Bayonne, un mariage pour le pire\u00a0: \u00ab\u00a0Ce qu\u2019il a fait est inexcusable\u00a0\u00bb"},"content":{"rendered":"<p>\n                Pour ce premier \u00e9pisode de l\u2019ann\u00e9e des transferts de l\u00e9gende, nous revenons sur le passage plus que mouvement\u00e9 de Mike Phillips \u00e0 Bayonne. Recrut\u00e9 sur un concours de circonstances, le demi de m\u00eal\u00e9e gallois n\u2019avait pas tenu ses promesses. Pis\u00a0: il avait fini par \u00eatre licenci\u00e9.\n            <\/p>\n<p>L\u2019histoire entre l\u2019Aviron bayonnais et Mike Phillips avait commenc\u00e9 de mani\u00e8re assez rocambolesque. \u00c0 l\u2019origine, le club basque n\u2019avait pas pr\u00e9vu de recruter le Gallois. Au d\u00e9but de l\u2019ann\u00e9e 2011, ses recruteurs avaient jet\u00e9 leur d\u00e9volu sur un autre joueur de stature internationale\u00a0: Byron Kelleher. Le num\u00e9ro\u00a09 All Black avait sign\u00e9 un pr\u00e9contrat \u00e0 l\u2019\u00e9poque o\u00f9 Bernard Laporte et Fran\u00e7ois Salago\u00efty avaient pr\u00e9vu de collaborer. La sortie de l\u2019ancien s\u00e9lectionneur des Bleus du projet avait finalement d\u00e9rout\u00e9 le Toulousain. \u00ab\u00a0Nous lui avons envoy\u00e9 une lettre recommand\u00e9e pour qu\u2019il vienne nous voir mais nous n\u2019avons pas de nouvelle\u00a0\u00bb, avait d\u00e9clar\u00e9, en avril, le pr\u00e9sident ciel blanc Michel Caoucault. Le 7\u00a0juin, l\u2019affaire \u00e9tait entendue\u00a0: le pr\u00e9contrat qui liait les deux parties \u00e9tait rompu et \u00ab\u00a0Byron Kelleher (\u00e9tait) donc libre de s\u2019engager avec un autre club\u00a0\u00bb. Ce qu\u2019il fera sans tarder en signant un contrat avec\u2026 le Stade fran\u00e7ais.<\/p>\n<p>En parall\u00e8le, l\u2019Aviron avait logiquement activ\u00e9 un plan B. Qui avait des airs de premier choix. Le 13\u00a0juin, soit moins d\u2019une semaine apr\u00e8s le communiqu\u00e9 actant\u00a0la rupture avec Byron Kelleher, Midi Olympique r\u00e9v\u00e9lait l\u2019engagement de Mike Phillips (28 ans, 42 s\u00e9lections) avec le club basque. Apr\u00e8s les All Blacks Joe Rokocoko et Neemia Tialata, le Wallaby Mark Chisholm ou l\u2019international fran\u00e7ais C\u00e9dric Heymans, c\u2019\u00e9tait une nouvelle prise de poids pour les Bayonnais. Une belle pioche, d\u2019autant plus que le Gallois, engag\u00e9 pour deux ans (avec une troisi\u00e8me ann\u00e9e en option), s\u2019\u00e9tait montr\u00e9 financi\u00e8rement moins gourmand que le N\u00e9o-Z\u00e9landais. Alain Afflelou, le nouvel homme fort de l\u2019Aviron, s\u2019\u00e9tait personnellement investi dans ce dossier pour obtenir\u00a0l\u2019accord du joueur.<\/p>\n<p>\u00ab\u00a0J\u2019avais beaucoup de respect pour ce gar\u00e7on\u2026\u00a0\u00bb<\/p>\n<p>Lorsqu\u2019il d\u00e9barqua apr\u00e8s la Coupe du monde, au cours de laquelle il s\u2019\u00e9tait affirm\u00e9 comme le meilleur 9 de la plan\u00e8te, c\u2019est peu dire que Mike Phillips suscitait de fortes attentes du c\u00f4t\u00e9 de Jean-Dauger. Apr\u00e8s une premi\u00e8re saison d\u2019adaptation relativement correcte, l\u2019idylle avait commenc\u00e9 \u00e0 s\u00e9rieusement battre de l\u2019aile. En septembre\u00a02012, Mike Phillips \u00e9tait suspendu pour dix jours \u00e0 la suite d\u2019une soir\u00e9e nocturne trop arros\u00e9e.\u00a0Un \u00e9cart qui plus est cons\u00e9cutif \u00e0 une s\u00e9v\u00e8re d\u00e9faite \u00e0 domicile, contre Toulouse (6-35). Les motifs de la sanction ne laissaient pas de place au doute\u00a0: \u00ab\u00a0hygi\u00e8ne de vie\u00a0\u00bb et \u00ab\u00a0comportement extra-sportif\u00a0\u00bb. Sur le terrain, le Gallois et ses partenaires continu\u00e8rent\u00a0\u00e0 ne pas tenir leurs promesses avec une peu glorieuse huiti\u00e8me place au classement final de la saison 2012-2023. Mais le pire \u00e9tait encore \u00e0 venir. Au lendemain d\u2019une victoire bonifi\u00e9e sur Grenoble en Challenge europ\u00e9en (37-6), le 11\u00a0octobre 2012, Mike Phillips, Dwayne Haare et Stephen Brett se pr\u00e9sentaient\u00a0\u00e0 une s\u00e9ance vid\u00e9o en \u00e9tat d\u2019\u00e9bri\u00e9t\u00e9. Dans la foul\u00e9e, le Gallois et ses partenaires \u00e9taient\u00a0re\u00e7us par l\u2019\u00e9tat-major de la maison. L\u2019international gallois \u00e9tait \u00e9cart\u00e9 du groupe dans un premier temps. Puis, le 26\u00a0octobre 2012, apr\u00e8s un d\u00e9lai de r\u00e9flexion, la direction du club recevait\u00a0le demi de m\u00eal\u00e9e gallois pour lui notifier sa d\u00e9cision. Le couperet tombait\u00a0: Mike Phillips ne porterait plus les couleurs des Ciel et Blanc. Ironie de l\u2019histoire, l\u2019international s\u2019envolait\u00a0le jour suivant pour le pays de Galles afin de pr\u00e9parer les tests de novembre avec le XV du Poireau.<\/p>\n<p>Dans un entretien accord\u00e9 \u00e0 nos confr\u00e8res de Sud Ouest, Alain Afflelou \u00e9tait, apr\u00e8s coup, revenu sur cette d\u00e9cision prise \u00e0 contrec\u0153ur\u00a0: \u00ab\u00a0J\u2019avais beaucoup de respect et d\u2019affection pour ce gar\u00e7on, tr\u00e8s respectueux, et pour le joueur, avait confi\u00e9 le lunetier. Je l\u2019avais d\u00e9j\u00e0 gard\u00e9 il y a un an, contre l\u2019avis de tous. Cet \u00e9t\u00e9, je l\u2019avais m\u00eame invit\u00e9 chez moi pour lui proposer une prolongation de contrat de deux ans (son bail expirait en juin\u00a02014, N.D.L.R.). Je lui faisais confiance. C\u2019est de la trahison.\u00a0\u00bb\u00a0Et l\u2019homme fort de l\u2019Aviron de r\u00e9sumer\u00a0en deux phrases ce qui restera du passage de deux ans du Gallois sur les bords de la Nive\u00a0: \u00ab\u00a0Ce qu\u2019il a fait est inexcusable. Et ce n\u2019est pas la premi\u00e8re fois.\u00a0\u00bb<\/p>\n","protected":false},"excerpt":{"rendered":"Pour ce premier \u00e9pisode de l\u2019ann\u00e9e des transferts de l\u00e9gende, nous revenons sur le passage plus que mouvement\u00e9&hellip;\n","protected":false},"author":2,"featured_media":651856,"comment_status":"","ping_status":"","sticky":false,"template":"","format":"standard","meta":{"footnotes":""},"categories":[1416],"tags":[1011,27,479,1468,60,10662],"class_list":{"0":"post-651855","1":"post","2":"type-post","3":"status-publish","4":"format-standard","5":"has-post-thumbnail","7":"category-rugby","8":"tag-fr","9":"tag-france","10":"tag-rugby","11":"tag-rugby-football","12":"tag-sports","13":"tag-transferts"},"share_on_mastodon":{"url":"https:\/\/pubeurope.com\/@fr\/115865648072639016","error":""},"_links":{"self":[{"href":"https:\/\/www.europesays.com\/fr\/wp-json\/wp\/v2\/posts\/651855","targetHints":{"allow":["GET"]}}],"collection":[{"href":"https:\/\/www.europesays.com\/fr\/wp-json\/wp\/v2\/posts"}],"about":[{"href":"https:\/\/www.europesays.com\/fr\/wp-json\/wp\/v2\/types\/post"}],"author":[{"embeddable":true,"href":"https:\/\/www.europesays.com\/fr\/wp-json\/wp\/v2\/users\/2"}],"replies":[{"embeddable":true,"href":"https:\/\/www.europesays.com\/fr\/wp-json\/wp\/v2\/comments?post=651855"}],"version-history":[{"count":0,"href":"https:\/\/www.europesays.com\/fr\/wp-json\/wp\/v2\/posts\/651855\/revisions"}],"wp:featuredmedia":[{"embeddable":true,"href":"https:\/\/www.europesays.com\/fr\/wp-json\/wp\/v2\/media\/651856"}],"wp:attachment":[{"href":"https:\/\/www.europesays.com\/fr\/wp-json\/wp\/v2\/media?parent=651855"}],"wp:term":[{"taxonomy":"category","embeddable":true,"href":"https:\/\/www.europesays.com\/fr\/wp-json\/wp\/v2\/categories?post=651855"},{"taxonomy":"post_tag","embeddable":true,"href":"https:\/\/www.europesays.com\/fr\/wp-json\/wp\/v2\/tags?post=651855"}],"curies":[{"name":"wp","href":"https:\/\/api.w.org\/{rel}","templated":true}]}}