{"id":651865,"date":"2026-01-09T14:44:16","date_gmt":"2026-01-09T14:44:16","guid":{"rendered":"https:\/\/www.europesays.com\/fr\/651865\/"},"modified":"2026-01-09T14:44:16","modified_gmt":"2026-01-09T14:44:16","slug":"renoir-matisse-lee-miller-decouvrez-les-expositions-que-tout-le-monde-voudra-voir-a-paris-en-2026","status":"publish","type":"post","link":"https:\/\/www.europesays.com\/fr\/651865\/","title":{"rendered":"Renoir, Matisse, Lee Miller\u2026 d\u00e9couvrez les expositions que tout le monde voudra voir \u00e0 Paris en 2026"},"content":{"rendered":"<p>\t\t\t\t\t\t\t\t\t\t\t\t\t\t\t\t\t\t\t\t\t\t<img loading=\"lazy\" decoding=\"async\" src=\"data:image\/svg+xml,%3Csvg%20xmlns=\" http:=\"\" class=\"img-fluid\" alt=\"Renoir, Matisse, Lee Miller\u2026 d\u00e9couvrez les expositions que tout le monde voudra voir \u00e0 Paris en 2026\" width=\"1024\" height=\"683\" data-lazy-src=\"https:\/\/www.europesays.com\/fr\/wp-content\/uploads\/2026\/01\/Montage-photo-article-PARIS-SECRET-OFFICIEL-1620-x-1080-px-97-1024x683.jpg\"\/><\/p>\n<p>    Save<\/p>\n<p>En 2026, vous ne risquez pas de vous ennuyer. Le calendrier culturel s\u2019annonce en effet d\u2019\u00eatre bien charg\u00e9 : <strong>peintures, installations immersives gratuites, photo<\/strong>s\u2026 Vous allez en prendre plein les yeux ! D\u00e9couvrez notre s\u00e9lection des<strong> plus belles expositions \u00e0 noter dans votre agenda cette ann\u00e9e.<\/strong><\/p>\n<p> Renoir et l\u2019Amour au Mus\u00e9e d\u2019Orsay <img fetchpriority=\"high\" decoding=\"async\" class=\"size-large wp-image-167808\" src=\"data:image\/svg+xml,%3Csvg%20xmlns=\" http:=\"\" alt=\"guinguette bucolique Paris\" width=\"1024\" height=\"683\" data-lazy- data-lazy- data-lazy-src=\"https:\/\/www.europesays.com\/fr\/wp-content\/uploads\/2026\/01\/Montage-photo-article-PARIS-SECRET-OFFICIEL-1620-x-1080-px-2025-04-29T160328.255-1024x683.jpg\"\/>@augusterenoir <\/p>\n<p>Cette ann\u00e9e, <a href=\"https:\/\/parissecret.com\/spectale-immersif-40-ans-musee-orsay\/\" rel=\"follow noopener\" target=\"_self\" class=\"shortcode-outbound-link\" data-has-ga=\"true\" data-ga-type=\"click\" data-label=\"https:\/\/parissecret.com\/spectale-immersif-40-ans-musee-orsay\/\" data-action=\"text_cta_0\" data-category=\"click_internal\"><strong>le mus\u00e9e d\u2019Orsay f\u00eatera ses 40 ans<\/strong><\/a> ! Pour l\u2019occasion, une riche programmation attendra les visiteurs : concerts, expositions, spectacles\u2026 Parmi les plus attendues, <strong>vous d\u00e9couvrirez une sublime exposition sur Auguste Renoir et sa vision de l\u2019amour.<\/strong> Entre les <a href=\"https:\/\/parissecret.com\/guinguette-bucolique-paris\/\" rel=\"follow noopener\" target=\"_self\" class=\"shortcode-outbound-link\" data-has-ga=\"true\" data-ga-type=\"click\" data-label=\"https:\/\/parissecret.com\/guinguette-bucolique-paris\/\" data-action=\"text_cta_1\" data-category=\"click_internal\">guinguettes color\u00e9es<\/a>, les boulevards parisiens anim\u00e9s, <strong>le peintre s\u2019est amus\u00e9 \u00e0 peindre la joie et la tendresse de la vie<\/strong> au travers d\u2019\u0153uvres majeures. Une exposition \u00e0 d\u00e9couvrir du 17 mars au 19 juillet 2026.<\/p>\n<p class=\"field_LQ30608C\">Dates : 17 mars au 19 juillet 2026<br \/>Lieu : Esplanade Val\u00e9ry Giscard d\u2019Estaing, 75007 Paris<\/p>\n<p> Licornes au Mus\u00e9e de Cluny <\/p>\n<p><img loading=\"lazy\" decoding=\"async\" class=\"alignnone size-large wp-image-228493\" src=\"data:image\/svg+xml,%3Csvg%20xmlns=\" http:=\"\" alt=\"\" width=\"1024\" height=\"683\" data-lazy- data-lazy- data-lazy-src=\"https:\/\/www.europesays.com\/fr\/wp-content\/uploads\/2026\/01\/Montage-photo-article-PARIS-SECRET-OFFICIEL-1620-x-1080-px-94-1024x683.jpg\"\/><\/p>\n<p>Ces magnifiques cr\u00e9atures fantastiques peuplent l\u2019imaginaire des hommes depuis le Moyen \u00c2ge. D\u00e9couvrez<strong> tous les secrets de la licorne \u00e0 travers l\u2019histoire, l\u2019art et les \u00e9poques.<\/strong> Une \u00e9pop\u00e9e fascinante \u00e0 ne pas manquer cette ann\u00e9e.<\/p>\n<p>Dates : 13 mars au 22 juillet 2026<br \/>Lieu : 28 rue Du Sommerard, 75005 Paris<\/p>\n<p> Matisse au Grand Palais <\/p>\n<p><img loading=\"lazy\" decoding=\"async\" class=\"alignnone size-large wp-image-68412\" src=\"data:image\/svg+xml,%3Csvg%20xmlns=\" http:=\"\" alt=\"matisse\" width=\"1024\" height=\"576\" data-lazy- data-lazy- data-lazy-src=\"https:\/\/www.europesays.com\/fr\/wp-content\/uploads\/2026\/01\/COUV-ARTICLES-1920x1080-53-1024x576.jpg\"\/><\/p>\n<p>D\u00e9couvrez les derni\u00e8res ann\u00e9es de la carri\u00e8re de l\u2019artiste peintre moderne <a href=\"https:\/\/parissecret.com\/peintures-matisse-musee-paris\/\" rel=\"follow noopener\" target=\"_self\" class=\"shortcode-outbound-link\" data-has-ga=\"true\" data-ga-type=\"click\" data-label=\"https:\/\/parissecret.com\/peintures-matisse-musee-paris\/\" data-action=\"text_cta_2\" data-category=\"click_internal\">Henri Matisse<\/a> <strong>au travers de plus de 200 \u0153uvres expos\u00e9es<\/strong> : peintures, dessins, gouaches, textiles, vitraux\u2026 Un artiste aux multiples facettes,<strong> qui s\u2019est amus\u00e9 \u00e0 explorer d\u2019autres formes d\u2019art de 1941 \u00e0 1954.<\/strong><\/p>\n<p>Lieu : Grand Palais, Avenue Winston-Churchill, 75008 Paris<br \/>Dates : du 24 mars au 26 juillet 2026<\/p>\n<p> Lee Miller au Mus\u00e9e d\u2019Art Moderne de Paris <img loading=\"lazy\" decoding=\"async\" class=\"wp-image-228498 size-large\" src=\"data:image\/svg+xml,%3Csvg%20xmlns=\" http:=\"\" alt=\"expo 2026 Paris\" width=\"1024\" height=\"683\" data-lazy- data-lazy- data-lazy-src=\"https:\/\/www.europesays.com\/fr\/wp-content\/uploads\/2026\/01\/Montage-photo-article-PARIS-SECRET-OFFICIEL-1620-x-1080-px-95-1024x683.jpg\"\/>expo 2026 Paris @leemiller <\/p>\n<p>Cette immense r\u00e9trospective retrace la carri\u00e8re <strong>exceptionnelle<\/strong> <strong>d\u2019une des plus grandes photographes de son temps<\/strong> : Lee Miller. De la mode aux reportages de guerre, vous d\u00e9couvrirez pr\u00e8s de 250 tirages, dont certains in\u00e9dits\u2026 Une exposition \u00e0 d\u00e9couvrir jusqu\u2019au 2 ao\u00fbt \u00e0 Paris !<\/p>\n<p>Lieu : 11 av Pr\u00e9s Wilson, 75116 Paris<br \/>Dates : du 10 avril au 2 ao\u00fbt 2026<\/p>\n<p> Michel-Ange, Rodin au Mus\u00e9e du Louvre <img loading=\"lazy\" decoding=\"async\" class=\"size-large wp-image-31410\" src=\"data:image\/svg+xml,%3Csvg%20xmlns=\" http:=\"\" alt=\"ap\u00e9ritif cultiv\u00e9 marta rodin goya conf\u00e9rence culture en ligne\" width=\"1024\" height=\"761\" data-lazy- data-lazy- data-lazy-src=\"https:\/\/www.europesays.com\/fr\/wp-content\/uploads\/2026\/01\/erik-aquino-djbnlVYuG-M-unsplash-scaled-e1607615845761-1024x761.jpg\"\/>Erik Aquino\/Unsplash expo 2026 Paris <\/p>\n<p>Pour cette nouvelle ann\u00e9e,<a href=\"https:\/\/parissecret.com\/musee-du-louvre-paris\/\" rel=\"follow noopener\" target=\"_self\" class=\"shortcode-outbound-link\" data-has-ga=\"true\" data-ga-type=\"click\" data-label=\"https:\/\/parissecret.com\/musee-du-louvre-paris\/\" data-action=\"text_cta_3\" data-category=\"click_internal\"> le plus grand mus\u00e9e du monde<\/a> confronte <strong>deux visions de la sculpture, celles de deux immenses artistes<\/strong> : Michel-Ange et Rodin. Et vous verrez que les influences de l\u2019un ont irr\u00e9m\u00e9diablement inspir\u00e9 certaines \u0153uvres et les th\u00e8mes abord\u00e9s chez l\u2019autre. Une formidable expo \u00e0 d\u00e9couvrir en avril jusqu\u2019\u00e0 juin prochains.<\/p>\n<p class=\"field_LQ2154C\">Lieu : 75001 Paris<br \/>Dates : du 15 avril au 2 juin 2026<\/p>\n<p> Marilyn Monroe : 100 ans ! \u00c0 la Cin\u00e9math\u00e8que de Paris <img loading=\"lazy\" decoding=\"async\" class=\"size-large wp-image-228499\" src=\"data:image\/svg+xml,%3Csvg%20xmlns=\" http:=\"\" alt=\"expo 2026 Paris\" width=\"1024\" height=\"683\" data-lazy- data-lazy- data-lazy-src=\"https:\/\/www.europesays.com\/fr\/wp-content\/uploads\/2026\/01\/Montage-photo-article-PARIS-SECRET-OFFICIEL-1620-x-1080-px-96-1024x683.jpg\"\/>expo 2026 Paris <\/p>\n<p>Actrice, mais aussi ic\u00f4ne, \u00e9g\u00e9rie ou encore muse,<strong> Marilyn Monroe a trop souvent \u00e9t\u00e9 r\u00e9duite \u00e0 l\u2019image de sex-symbol<\/strong>, mettant sous silence son talent pour la com\u00e9die. \u00c0 travers cette formidable exposition, vous d\u00e9couvrirez <strong>toute l\u2019\u00e9tendue de ses comp\u00e9tences et la finesse de son jeu d\u2019actrice<\/strong> au travers de ses r\u00f4les cultes !<\/p>\n<p>Lieu : 51 rue de Bercy 75012 Paris<br \/>Dates : 8 avril au 26 juillet 2026<\/p>\n","protected":false},"excerpt":{"rendered":"Save En 2026, vous ne risquez pas de vous ennuyer. Le calendrier culturel s\u2019annonce en effet d\u2019\u00eatre bien&hellip;\n","protected":false},"author":2,"featured_media":651866,"comment_status":"","ping_status":"","sticky":false,"template":"","format":"standard","meta":{"footnotes":""},"categories":[1358],"tags":[1348,1384,1385,1386,58,59,1011,27],"class_list":{"0":"post-651865","1":"post","2":"type-post","3":"status-publish","4":"format-standard","5":"has-post-thumbnail","7":"category-arts-et-design","8":"tag-arts","9":"tag-arts-and-design","10":"tag-arts-et-design","11":"tag-design","12":"tag-divertissement","13":"tag-entertainment","14":"tag-fr","15":"tag-france"},"share_on_mastodon":{"url":"https:\/\/pubeurope.com\/@fr\/115865679477065795","error":""},"_links":{"self":[{"href":"https:\/\/www.europesays.com\/fr\/wp-json\/wp\/v2\/posts\/651865","targetHints":{"allow":["GET"]}}],"collection":[{"href":"https:\/\/www.europesays.com\/fr\/wp-json\/wp\/v2\/posts"}],"about":[{"href":"https:\/\/www.europesays.com\/fr\/wp-json\/wp\/v2\/types\/post"}],"author":[{"embeddable":true,"href":"https:\/\/www.europesays.com\/fr\/wp-json\/wp\/v2\/users\/2"}],"replies":[{"embeddable":true,"href":"https:\/\/www.europesays.com\/fr\/wp-json\/wp\/v2\/comments?post=651865"}],"version-history":[{"count":0,"href":"https:\/\/www.europesays.com\/fr\/wp-json\/wp\/v2\/posts\/651865\/revisions"}],"wp:featuredmedia":[{"embeddable":true,"href":"https:\/\/www.europesays.com\/fr\/wp-json\/wp\/v2\/media\/651866"}],"wp:attachment":[{"href":"https:\/\/www.europesays.com\/fr\/wp-json\/wp\/v2\/media?parent=651865"}],"wp:term":[{"taxonomy":"category","embeddable":true,"href":"https:\/\/www.europesays.com\/fr\/wp-json\/wp\/v2\/categories?post=651865"},{"taxonomy":"post_tag","embeddable":true,"href":"https:\/\/www.europesays.com\/fr\/wp-json\/wp\/v2\/tags?post=651865"}],"curies":[{"name":"wp","href":"https:\/\/api.w.org\/{rel}","templated":true}]}}