{"id":651869,"date":"2026-01-09T14:47:13","date_gmt":"2026-01-09T14:47:13","guid":{"rendered":"https:\/\/www.europesays.com\/fr\/651869\/"},"modified":"2026-01-09T14:47:13","modified_gmt":"2026-01-09T14:47:13","slug":"julien-dore-ses-gros-ennuis-avec-pole-emploi","status":"publish","type":"post","link":"https:\/\/www.europesays.com\/fr\/651869\/","title":{"rendered":"Julien Dor\u00e9\u00a0: ses gros ennuis avec P\u00f4le Emploi"},"content":{"rendered":"<p>\u00ab\u00a0<strong>Mais o\u00f9 va-t-il s\u2019arr\u00eater\u00a0???<\/strong>\u00a0\u00bb C&rsquo;est la question tr\u00e8s s\u00e9rieuse pos\u00e9e par <a href=\"https:\/\/www.public.fr\/surprise-ca-navait-pas-ete-annonce-marine-star-academy-en-duo-avec-julien-dore-son-pere-saute-sur-loccasion-pour-negocier\" target=\"_blank\" rel=\"noopener\">Marine, gagnante de la \u00ab\u00a0Star Academy\u00a0\u00bb<\/a>, en commentaire d&rsquo;une des derni\u00e8res publications de Julien Dor\u00e9 sur Instagram. Publication dans laquelle <a href=\"https:\/\/www.public.fr\/faux-cheveux-et-fausses-dents-julien-dore-tacle-les-autres-artistes-francais\" target=\"_blank\" rel=\"noopener\">l&rsquo;artiste de 43 ans<\/a> d\u00e9voile <strong>les dates de sa tourn\u00e9e en Am\u00e9rique<\/strong> au printemps prochain. Ainsi, il sera notamment \u00e0 Montr\u00e9al le 29\u00a0avril, \u00e0 Miami le 9 ou encore \u00e0 Los Angeles le 15\u00a0mai.<\/p>\n<p>Quelle incroyable aventure vit Julien Dor\u00e9 depuis maintenant <strong>pr\u00e8s de vingt ans<\/strong>. Au total, <a href=\"https:\/\/www.public.fr\/viens-on-essaie-vitaa-et-julien-dore-cest-officiel\" target=\"_blank\" rel=\"noopener\">le natif d&rsquo;Al\u00e8s<\/a> a sorti<strong> six albums studio <\/strong>depuis le d\u00e9but de sa carri\u00e8re dont Imposteur  en 2024. Par ailleurs, il s&rsquo;est aussi essay\u00e9 \u00e0 la com\u00e9die en obtenant le <strong>r\u00f4le principal dans la s\u00e9rie Panda <\/strong>pour TF1. Enfin, il a d\u00e9croch\u00e9 d&rsquo;<strong>innombrables troph\u00e9es<\/strong> et encha\u00een\u00e9 <a href=\"https:\/\/www.public.fr\/julien-dore-en-tournee-le-chanteur-pret-a-rembourser-un-jeune-spectateur\" target=\"_blank\" rel=\"noopener\">des tours de chant<\/a> \u00e0 la sc\u00e9nographie spectaculaire.<\/p>\n<p>Quel parcours que celui de Julien Dor\u00e9 qui, <strong>en 2007<\/strong>, est arriv\u00e9 aux auditions de la \u00ab\u00a0Nouvelle Star\u00a0\u00bb sur M6 ukul\u00e9l\u00e9 en main. Auditions qui lui ont permis d&rsquo;acc\u00e9der au Pavillon Baltard et de remporter l&rsquo;\u00e9mission quelques semaines plus tard. Toutefois, cette victoire lui a valu <strong>quelques ennuis de la part de P\u00f4le Emploi<\/strong>, devenu France Travail.<\/p>\n<p>Julien Dor\u00e9 remporte la \u00ab\u00a0Nouvelle Star\u00a0\u00bb, P\u00f4le Emploi le rappelle \u00e0 l&rsquo;ordre<\/p>\n<p>Interrog\u00e9 par Kombini ces derni\u00e8res heures, <a href=\"https:\/\/www.google.com\/url?sa=t&amp;source=web&amp;rct=j&amp;opi=89978449&amp;url=https:\/\/vsd.fr\/72925-julien-dore-comme-vous-ne-lavez-jamais-lu\/&amp;ved=2ahUKEwjvlPuXsf6RAxVsUKQEHeLrHXEQFnoECDIQAQ&amp;usg=AOvVaw0tTDMJh0xwlu-0XOikE12f\" target=\"_blank\" rel=\"noopener\">le p\u00e8re de famille <\/a>est revenu sur sa folle aventure \u00e0 la \u00ab\u00a0Nouvelle Star\u00a0\u00bb. L&rsquo;occasion de faire <strong>une r\u00e9v\u00e9lation<\/strong>. Vir\u00e9 par son patron de l&rsquo;\u00e9poque afin de lui permettre de se lancer dans la musique, Julien Dor\u00e9 pensait alors toucher <strong>les indemnit\u00e9s de P\u00f4le Emploi<\/strong>. Mais, tout ne s&rsquo;est pas pass\u00e9 comme pr\u00e9vu pour <a href=\"https:\/\/www.google.com\/url?sa=t&amp;source=web&amp;rct=j&amp;opi=89978449&amp;url=https:\/\/vsd.fr\/72925-julien-dore-comme-vous-ne-lavez-jamais-lu\/&amp;ved=2ahUKEwi1vZr_sf6RAxWJKvsDHXydCTMQFnoECBcQAQ&amp;usg=AOvVaw0tTDMJh0xwlu-0XOikE12f\" target=\"_blank\" rel=\"noopener\">le sudiste<\/a>. \u00ab\u00a0J\u2019ai fait Nouvelle Star. <strong>Le <\/strong><strong>ch\u00f4mage m&rsquo;a demand\u00e9 de rembourser<\/strong> ce que j&rsquo;avais touch\u00e9 pendant que j&rsquo;\u00e9tais \u00e0 Nouvelle Star\u00a0\u00bb, a-t-il confi\u00e9.<\/p>\n<p>Mais pourquoi donc\u00a0? Il raconte. \u00ab\u00a0Je n&rsquo;\u00e9tais pas pay\u00e9. On \u00e9tait nourris, log\u00e9s\u2026\u00a0\u00bb mais le probl\u00e8me surtout c&rsquo;est que \u00ab\u00a0<strong>je n&rsquo;\u00e9tais pas \u00e0 l&rsquo;endroit o\u00f9 je disais que je cherchais du travail.<\/strong> Vu que je cherchais du travail \u00e0 N\u00eemes et que j&rsquo;ai pass\u00e9 un mois et demi \u00e0 Paris, et bien j&rsquo;ai du rembourser ce mois et demi aux Assedic\u00a0\u00bb, a-t-il t\u00e9moign\u00e9. Assedic qui, pour info, ont \u00e9t\u00e9 rebaptis\u00e9es Pole Emploi puis France Travail. Une<strong> savoureuse confidence<\/strong> ce la part de <a href=\"https:\/\/www.google.com\/url?sa=t&amp;source=web&amp;rct=j&amp;opi=89978449&amp;url=https:\/\/vsd.fr\/70274-plus-le-temps-passe-les-confidences-bouleversantes-de-julien-dore-sur-la-perte-de-sa-mere\/&amp;ved=2ahUKEwi1vZr_sf6RAxWJKvsDHXydCTMQFnoECDkQAQ&amp;usg=AOvVaw3CgUgNCiKBD-T9BG87Oj3w\" target=\"_blank\" rel=\"noopener\">l&rsquo;interpr\u00e8te de Coco C\u00e2line<\/a>.<\/p>\n<p>\n          Hits &amp; People en continu\n        <\/p>\n<p>\n          Public Radio\n        <\/p>\n<p>      Mentionn\u00e9s dans cet article<\/p>\n<p>      Sur le m\u00eame sujet<\/p>\n","protected":false},"excerpt":{"rendered":"\u00ab\u00a0Mais o\u00f9 va-t-il s\u2019arr\u00eater\u00a0???\u00a0\u00bb C&rsquo;est la question tr\u00e8s s\u00e9rieuse pos\u00e9e par Marine, gagnante de la \u00ab\u00a0Star Academy\u00a0\u00bb, en&hellip;\n","protected":false},"author":2,"featured_media":651870,"comment_status":"","ping_status":"","sticky":false,"template":"","format":"standard","meta":{"footnotes":""},"categories":[1355],"tags":[1261,426,214,58,59,1011,27,494,1361,873,5552,16273],"class_list":{"0":"post-651869","1":"post","2":"type-post","3":"status-publish","4":"format-standard","5":"has-post-thumbnail","7":"category-musique","8":"tag-argent","9":"tag-candidat","10":"tag-chomage","11":"tag-divertissement","12":"tag-entertainment","13":"tag-fr","14":"tag-france","15":"tag-m6","16":"tag-music","17":"tag-musique","18":"tag-nouvelle-star","19":"tag-pole-emploi"},"share_on_mastodon":{"url":"https:\/\/pubeurope.com\/@fr\/115865691542295100","error":""},"_links":{"self":[{"href":"https:\/\/www.europesays.com\/fr\/wp-json\/wp\/v2\/posts\/651869","targetHints":{"allow":["GET"]}}],"collection":[{"href":"https:\/\/www.europesays.com\/fr\/wp-json\/wp\/v2\/posts"}],"about":[{"href":"https:\/\/www.europesays.com\/fr\/wp-json\/wp\/v2\/types\/post"}],"author":[{"embeddable":true,"href":"https:\/\/www.europesays.com\/fr\/wp-json\/wp\/v2\/users\/2"}],"replies":[{"embeddable":true,"href":"https:\/\/www.europesays.com\/fr\/wp-json\/wp\/v2\/comments?post=651869"}],"version-history":[{"count":0,"href":"https:\/\/www.europesays.com\/fr\/wp-json\/wp\/v2\/posts\/651869\/revisions"}],"wp:featuredmedia":[{"embeddable":true,"href":"https:\/\/www.europesays.com\/fr\/wp-json\/wp\/v2\/media\/651870"}],"wp:attachment":[{"href":"https:\/\/www.europesays.com\/fr\/wp-json\/wp\/v2\/media?parent=651869"}],"wp:term":[{"taxonomy":"category","embeddable":true,"href":"https:\/\/www.europesays.com\/fr\/wp-json\/wp\/v2\/categories?post=651869"},{"taxonomy":"post_tag","embeddable":true,"href":"https:\/\/www.europesays.com\/fr\/wp-json\/wp\/v2\/tags?post=651869"}],"curies":[{"name":"wp","href":"https:\/\/api.w.org\/{rel}","templated":true}]}}