{"id":651871,"date":"2026-01-09T14:48:22","date_gmt":"2026-01-09T14:48:22","guid":{"rendered":"https:\/\/www.europesays.com\/fr\/651871\/"},"modified":"2026-01-09T14:48:22","modified_gmt":"2026-01-09T14:48:22","slug":"decouvrez-tous-les-films-les-plus-attendus-au-cinema-en-2026","status":"publish","type":"post","link":"https:\/\/www.europesays.com\/fr\/651871\/","title":{"rendered":"d\u00e9couvrez tous les films les plus attendus au cin\u00e9ma en 2026"},"content":{"rendered":"<p>\t\t\t\t\t\t\t\t\t\t\t\t\t\t\t\t\t\t\t\t\t\t<img loading=\"lazy\" decoding=\"async\" src=\"https:\/\/www.europesays.com\/fr\/wp-content\/uploads\/2026\/01\/44978efc6a0d73d0d03d91d79fd054af-1024x683.webp.webp\" class=\"img-fluid\" alt=\"Le Diable s'habille en Prada cin\u00e9ma avril 2026\" width=\"1024\" height=\"683\"\/><\/p>\n<p>    Save<\/p>\n<p class=\"p1\">L\u2019ann\u00e9e 2026 s\u2019annonce exceptionnelle pour le cin\u00e9ma, avec une avalanche de <a href=\"https:\/\/feverup.com\/m\/60472\" rel=\"follow noopener\" target=\"_blank\" class=\"shortcode-outbound-link\" data-has-ga=\"true\" data-ga-type=\"click\" data-label=\"https:\/\/feverup.com\/m\/60472\" data-action=\"text_cta_0\" data-tracked=\"1\" data-category=\"click_sales\" data-cp_smn_source=\"parissecret\" data-cp_smn_content=\"les-nouveaux-films-a-voir-au-cinema\" data-cp_smn_term=\"text_cta_0\"><strong>films tr\u00e8s attendus en salles<\/strong><\/a>, entre suites cultes, adaptations litt\u00e9raires et blockbusters. De Dune : Messiah \u00e0 Le Diable s\u2019habille en Prada 2, en passant par Scream 7, Vaiana ou Les Mis\u00e9rables, les <strong>nouveaut\u00e9s cin\u00e9ma 2026<\/strong> promettent de grands <a href=\"https:\/\/feverup.com\/m\/59983\" rel=\"follow noopener\" target=\"_blank\" class=\"shortcode-outbound-link\" data-has-ga=\"true\" data-ga-type=\"click\" data-label=\"https:\/\/feverup.com\/m\/59983\" data-action=\"text_cta_1\" data-tracked=\"1\" data-category=\"click_sales\" data-cp_smn_source=\"parissecret\" data-cp_smn_content=\"les-nouveaux-films-a-voir-au-cinema\" data-cp_smn_term=\"text_cta_1\"><strong>rendez-vous en salles obscures<\/strong><\/a>\u00a0pour les cin\u00e9philes. Tour d\u2019horizon des <strong>sorties cin\u00e9ma incontournables<\/strong> de 2026, \u00e0 noter d\u00e8s \u00e0 pr\u00e9sent dans votre agenda.<\/p>\n<p><strong>Les sorties cin\u00e9ma incontournables de 2026\u00a0<\/strong><br \/>\n<b>\ud83c\udfac \u00ab\u00a0Changer l\u2019eau des fleurs\u00a0\u00bb avec Le\u00efla Bekhti <\/b><b>\u2013 exclusivement au cin\u00e9ma en 2026<\/b><\/p>\n<p><img fetchpriority=\"high\" decoding=\"async\" class=\"aligncenter size-large wp-image-228503\" src=\"https:\/\/www.europesays.com\/fr\/wp-content\/uploads\/2026\/01\/bcccb4b2a7cdf3e0d24c9815f2f7f927-1024x576.webp.webp\" alt=\"sorties cin\u00e9ma 2026\" width=\"1024\" height=\"576\"  \/><\/p>\n<p class=\"p2\">Adapt\u00e9 du roman ph\u00e9nom\u00e8ne, ce <strong>drame sensible port\u00e9 par Le\u00efla Bekhti<\/strong> explore les secrets enfouis, le deuil et la r\u00e9silience. Un film humain, d\u00e9licat et profond\u00e9ment \u00e9mouvant, pens\u00e9 pour toucher le c\u0153ur du public.<\/p>\n<p><b>\ud83c\udfac \u00ab\u00a0LOL 2.0\u00a0\u00bb avec Sophie Marceau\u2013 en salles le 11 f\u00e9vrier 2026<\/b><\/p>\n<p><img loading=\"lazy\" decoding=\"async\" class=\"aligncenter size-large wp-image-228504\" src=\"https:\/\/www.europesays.com\/fr\/wp-content\/uploads\/2026\/01\/COUV-ARTICLES-1620x1080-34-1-1024x683.jpg\" alt=\"nouveaux films cin\u00e9ma 2026\" width=\"1024\" height=\"683\"  \/><\/p>\n<p class=\"p2\">La bande culte revient avec une nouvelle g\u00e9n\u00e9ration et les m\u00eames questionnements universels sur l\u2019amour, l\u2019amiti\u00e9 et l\u2019adolescence. Une com\u00e9die feel-good entre nostalgie et modernit\u00e9, <strong>avec Sophie Marceau en t\u00eate d\u2019affiche.\u00a0<\/strong><\/p>\n<p><b>\ud83c\udfac Scream 7 \u2013 Sortie en salles le 25 f\u00e9vrier 2026<\/b><\/p>\n<p><img loading=\"lazy\" decoding=\"async\" class=\"aligncenter size-large wp-image-228505\" src=\"https:\/\/www.europesays.com\/fr\/wp-content\/uploads\/2026\/01\/COUV-ARTICLES-1620x1080-35-1-1024x683.jpg\" alt=\"s\u00e9lection des films les plus attendus en salles au cin\u00e9ma\" width=\"1024\" height=\"683\"  \/><\/p>\n<p class=\"p2\">Le tueur masqu\u00e9 est de retour pour un nouvel \u00e9pisode toujours plus sanglant, avec Courteney Cox et Neve Campbell en ligne de myre. Bonus pour les fans : une <a href=\"https:\/\/feverup.com\/m\/59983\" rel=\"follow noopener\" target=\"_blank\" class=\"shortcode-outbound-link\" data-has-ga=\"true\" data-ga-type=\"click\" data-label=\"https:\/\/feverup.com\/m\/59983\" data-action=\"text_cta_2\" data-tracked=\"1\" data-category=\"click_sales\" data-cp_smn_source=\"parissecret\" data-cp_smn_content=\"les-nouveaux-films-a-voir-au-cinema\" data-cp_smn_term=\"text_cta_2\"><strong>s\u00e9ance sp\u00e9ciale \u00e0 minuit au Grand Rex<\/strong><\/a>\u00a0pour frissonner jusqu\u2019au bout de la nuit.<\/p>\n<p><b>\ud83c\udfac Le Diable s\u2019habille en Prada 2 avec Meryl Streep et Anne Hathaway \u2013 Sortie le 29 avril 2026\u00a0<\/b><\/p>\n<p><img loading=\"lazy\" decoding=\"async\" class=\"aligncenter size-large wp-image-228506\" src=\"https:\/\/www.europesays.com\/fr\/wp-content\/uploads\/2026\/01\/44978efc6a0d73d0d03d91d79fd054af-1024x683.webp.webp\" alt=\"Le Diable s'habille en Prada cin\u00e9ma avril 2026\" width=\"1024\" height=\"683\"  \/><\/p>\n<p class=\"p2\"><strong>Miranda Priestly reprend du service<\/strong> dans cette suite ultra-attendue. Mode, pouvoir et rivalit\u00e9s : le film promet glamour, piques assassines et looks iconiques.<\/p>\n<p><b>\ud83c\udfac Les Mis\u00e9rables \u2013 en salles en 2026<\/b><\/p>\n<p><img loading=\"lazy\" decoding=\"async\" class=\"aligncenter size-large wp-image-228507\" src=\"https:\/\/www.europesays.com\/fr\/wp-content\/uploads\/2026\/01\/88be80df88492a191087bc0d2b84c7fc-1024x711.webp.webp\" alt=\"nouveaut\u00e9s sorties cin\u00e9ma\" width=\"1024\" height=\"711\"  \/><\/p>\n<p class=\"p2\"><strong>Nouvelle adaptation du chef-d\u2019\u0153uvre de Victor Hugo<\/strong>, cette fresque ambitieuse promet \u00e9motions, souffle romanesque et puissance visuelle. Un grand classique revisit\u00e9 pour le grand \u00e9cran, avec <strong>Vincent Lindon, Tahar Rahim et Camille Cottin<\/strong> en t\u00eates d\u2019affiche.\u00a0<\/p>\n<p><b>\ud83c\udfac Vaiana : la l\u00e9gende du bout du monde \u2013 au cin\u00e9ma le 8 juillet 2026<\/b><\/p>\n<p><img loading=\"lazy\" decoding=\"async\" class=\"aligncenter size-large wp-image-228510\" src=\"https:\/\/www.europesays.com\/fr\/wp-content\/uploads\/2026\/01\/COUV-ARTICLES-1620x1080-36-1-1024x683.jpg\" alt=\"Vaiana cin\u00e9ma 2026\" width=\"1024\" height=\"683\"  \/><\/p>\n<p class=\"p2\">La navigatrice intr\u00e9pide reprend la mer dans une nouvelle aventure \u00e9pique et solaire. <strong>Un film d\u2019animation spectaculaire<\/strong>, entre mythologie, musique et paysages grandioses, qui ravira petits et grands cin\u00e9philes.\u00a0<\/p>\n<p><b>\ud83c\udfac Marsupilami \u2013 Au cin\u00e9ma le 4 f\u00e9vrier 2026<\/b><\/p>\n<p><img loading=\"lazy\" decoding=\"async\" class=\"aligncenter size-large wp-image-228539\" src=\"https:\/\/www.europesays.com\/fr\/wp-content\/uploads\/2026\/01\/736ca7cbb7149dc50fab40d89a4ede0b-1024x683.jpg\" alt=\"Marsupulami cin\u00e9ma f\u00e9vrier 2026\" width=\"1024\" height=\"683\"  \/><\/p>\n<p class=\"p2\">Le c\u00e9l\u00e8bre h\u00e9ros bondissant revient pour une aventure familiale pleine d\u2019humour et d\u2019\u00e9nergie. Un film joyeux et color\u00e9, parfait pour petits et grands. En prime ? <strong>Un casting cinq \u00e9toiles : Philippe Lacheau, \u00c9lodie Fontan, Jean Reno, Didier Bourdon, Jamel Debbouze<\/strong>, Booder, Julien Arruti ou encore Tarek Boudali.\u00a0<\/p>\n<p><b>\ud83c\udfac The Odyssey \u2013 Sortie en salles de cin\u00e9ma le 15 juillet 2026<\/b><\/p>\n<p><img loading=\"lazy\" decoding=\"async\" class=\"aligncenter size-large wp-image-228532\" src=\"https:\/\/www.europesays.com\/fr\/wp-content\/uploads\/2026\/01\/COUV-ARTICLES-1620x1080-37-1-1024x683.jpg\" alt=\"\" width=\"1024\" height=\"683\"  \/><\/p>\n<p class=\"p2\"><strong>Adaptation ambitieuse de l\u2019Odyss\u00e9e d\u2019Hom\u00e8re<\/strong>, ce film revisite le mythe d\u2019Ulysse avec une mise en sc\u00e8ne moderne et \u00e9pique. Une fresque l\u00e9gendaire promise \u00e0 un destin de grand spectacle.<\/p>\n<p><b>\ud83c\udfac Dune : Messiah, avec Thimoth\u00e9e Chalamet\u2013 sur vos \u00e9crans le 16 d\u00e9cembre 2026<\/b><\/p>\n<p><img loading=\"lazy\" decoding=\"async\" class=\"aligncenter size-large wp-image-228533\" src=\"https:\/\/www.europesays.com\/fr\/wp-content\/uploads\/2026\/01\/COUV-ARTICLES-1620x1080-38-1-1024x683.jpg\" alt=\"les sorties cin\u00e9 de l'ann\u00e9e\" width=\"1024\" height=\"683\"  \/><\/p>\n<p class=\"p2\"><strong>La saga de science-fiction culte se poursuit<\/strong> avec un chapitre plus sombre et politique. Une \u0153uvre cin\u00e9matographique tr\u00e8s attendue, qui promet ampleur, tension et r\u00e9flexion sur le pouvoir.<\/p>\n<p><b>\ud83c\udfac Le Fant\u00f4me de l\u2019Op\u00e9ra, avec Deva Cassel et Romain Duris \u2013 le 11 septembre 2026<\/b><\/p>\n<p><img loading=\"lazy\" decoding=\"async\" class=\"aligncenter size-large wp-image-228535\" src=\"https:\/\/www.europesays.com\/fr\/wp-content\/uploads\/2026\/01\/Deva-Cassel-son-evolution-en-images-de-mannequin-a-actrice-1024x665.jpg\" alt=\"Deva Cassel Le Fant\u00f4me de l'Op\u00e9ra cin\u00e9ma 2026\" width=\"1024\" height=\"665\"  \/><\/p>\n<p class=\"p2\">Le mythe romantique et tragique rena\u00eet au cin\u00e9ma dans une version visuellement somptueuse. Amour, myst\u00e8re et musique s\u2019entrelacent dans cette adaptation fran\u00e7aise tr\u00e8s attendue, <strong>avec Deva Cassel et Romain Duris.\u00a0<\/strong><\/p>\n<p><b>\ud83c\udfac Karma \u2013 avec Marion Cotillard, le 21 octobre 2026<\/b><\/p>\n<p><img loading=\"lazy\" decoding=\"async\" class=\"aligncenter size-large wp-image-228536\" src=\"https:\/\/www.europesays.com\/fr\/wp-content\/uploads\/2026\/01\/marioncotillard-1024x682.jpg\" alt=\"film Karma Marion Cotillard cin\u00e9ma 2026\" width=\"1024\" height=\"682\"  \/><\/p>\n<p class=\"p2\"><strong>Un thriller psychologique intense port\u00e9 par Marion Cotillard<\/strong> d\u00e9barque sur les \u00e9crans en 2026. Entre destin, culpabilit\u00e9 et choix irr\u00e9versibles, le film, port\u00e9 par le talent ind\u00e9niable de l\u2019actrice fran\u00e7aise, promet une atmosph\u00e8re plus que troublante\u2026\u00a0<\/p>\n<p><b>\ud83c\udfac Gourou, avec Pierre Niney <\/b><b>\u2013 au cin\u00e9ma <\/b><b>le 28 janvier 2026<\/b><\/p>\n<p><img loading=\"lazy\" decoding=\"async\" class=\"aligncenter size-large wp-image-228537\" src=\"https:\/\/www.europesays.com\/fr\/wp-content\/uploads\/2026\/01\/cd49a9acf07e9a8c2402d874604c8ff7-1024x683.webp.webp\" alt=\"\" width=\"1024\" height=\"683\"  \/><\/p>\n<p class=\"p2\"><strong>Pierre Niney incarne un personnage aussi charismatique qu\u2019inqui\u00e9tant<\/strong> dans ce film sur l\u2019emprise et la manipulation. Un r\u00f4le fort, pens\u00e9 pour marquer les esprits des spectateurs.\u00a0<\/p>\n<p><b>\ud83c\udfac La Bataille De Gaulle, l\u2019\u00e2ge de fer \u2013 le 10 juin 2026<\/b><\/p>\n<p><img loading=\"lazy\" decoding=\"async\" class=\"aligncenter size-large wp-image-228538\" src=\"https:\/\/www.europesays.com\/fr\/wp-content\/uploads\/2026\/01\/ababe8e671849300cbf221a224f5f844-1024x429.webp.webp\" alt=\"\" width=\"1024\" height=\"429\"  \/><\/p>\n<p class=\"p2\">C\u2019est <strong>une plong\u00e9e historique au c\u0153ur des d\u00e9cisions et des combats politiques du G\u00e9n\u00e9ral de Gaulle<\/strong> qui attend les cin\u00e9philes cette ann\u00e9e. Un film fran\u00e7ais ambitieux, entre r\u00e9cit intime et grande Histoire.<\/p>\n","protected":false},"excerpt":{"rendered":"Save L\u2019ann\u00e9e 2026 s\u2019annonce exceptionnelle pour le cin\u00e9ma, avec une avalanche de films tr\u00e8s attendus en salles, entre&hellip;\n","protected":false},"author":2,"featured_media":651872,"comment_status":"","ping_status":"","sticky":false,"template":"","format":"standard","meta":{"footnotes":""},"categories":[1354],"tags":[58,59,62484,1346,1011,27,75598,1360],"class_list":{"0":"post-651871","1":"post","2":"type-post","3":"status-publish","4":"format-standard","5":"has-post-thumbnail","7":"category-films","8":"tag-divertissement","9":"tag-entertainment","10":"tag-festival-de-cinema","11":"tag-films","12":"tag-fr","13":"tag-france","14":"tag-mainstream","15":"tag-movies"},"share_on_mastodon":{"url":"https:\/\/pubeurope.com\/@fr\/115865695999359726","error":""},"_links":{"self":[{"href":"https:\/\/www.europesays.com\/fr\/wp-json\/wp\/v2\/posts\/651871","targetHints":{"allow":["GET"]}}],"collection":[{"href":"https:\/\/www.europesays.com\/fr\/wp-json\/wp\/v2\/posts"}],"about":[{"href":"https:\/\/www.europesays.com\/fr\/wp-json\/wp\/v2\/types\/post"}],"author":[{"embeddable":true,"href":"https:\/\/www.europesays.com\/fr\/wp-json\/wp\/v2\/users\/2"}],"replies":[{"embeddable":true,"href":"https:\/\/www.europesays.com\/fr\/wp-json\/wp\/v2\/comments?post=651871"}],"version-history":[{"count":0,"href":"https:\/\/www.europesays.com\/fr\/wp-json\/wp\/v2\/posts\/651871\/revisions"}],"wp:featuredmedia":[{"embeddable":true,"href":"https:\/\/www.europesays.com\/fr\/wp-json\/wp\/v2\/media\/651872"}],"wp:attachment":[{"href":"https:\/\/www.europesays.com\/fr\/wp-json\/wp\/v2\/media?parent=651871"}],"wp:term":[{"taxonomy":"category","embeddable":true,"href":"https:\/\/www.europesays.com\/fr\/wp-json\/wp\/v2\/categories?post=651871"},{"taxonomy":"post_tag","embeddable":true,"href":"https:\/\/www.europesays.com\/fr\/wp-json\/wp\/v2\/tags?post=651871"}],"curies":[{"name":"wp","href":"https:\/\/api.w.org\/{rel}","templated":true}]}}