{"id":651883,"date":"2026-01-09T14:54:12","date_gmt":"2026-01-09T14:54:12","guid":{"rendered":"https:\/\/www.europesays.com\/fr\/651883\/"},"modified":"2026-01-09T14:54:12","modified_gmt":"2026-01-09T14:54:12","slug":"trump-annonce-que-les-etats-unis-vont-commencer-des-frappes-au-sol-contre-les-cartels-au-mexique-represailles-du-soutien-a-cuba","status":"publish","type":"post","link":"https:\/\/www.europesays.com\/fr\/651883\/","title":{"rendered":"Trump annonce que les \u00c9tats-Unis vont \u00ab\u00a0commencer des frappes au sol\u00a0\u00bb contre les cartels au Mexique\u00a0: repr\u00e9sailles du soutien \u00e0 Cuba\u00a0?"},"content":{"rendered":"<p>La fuite en avant guerri\u00e8re et imp\u00e9rialiste des \u00c9tats-Unis de Donald Trump ne semble pas pr\u00e8s de s\u2019arr\u00eater. Jeudi 8\u00a0janvier, le pr\u00e9sident \u00e9tats-unien a annonc\u00e9 qu\u2019apr\u00e8s des frappes contre des embarcations maritimes dans les Cara\u00efbes et le Pacifique, son pays allaient mener des \u00ab\u00a0frappes au sol\u00a0\u00bb contre les cartels au Mexique. \u00ab\u00a0Les cartels dirigent le Mexique. C\u2019est tr\u00e8s, tr\u00e8s triste de voir et&#8230;<\/p>\n","protected":false},"excerpt":{"rendered":"La fuite en avant guerri\u00e8re et imp\u00e9rialiste des \u00c9tats-Unis de Donald Trump ne semble pas pr\u00e8s de s\u2019arr\u00eater.&hellip;\n","protected":false},"author":2,"featured_media":651884,"comment_status":"","ping_status":"","sticky":false,"template":"","format":"standard","meta":{"footnotes":""},"categories":[5],"tags":[11,1011,27,14,12,28],"class_list":{"0":"post-651883","1":"post","2":"type-post","3":"status-publish","4":"format-standard","5":"has-post-thumbnail","7":"category-international","8":"tag-actualites","9":"tag-fr","10":"tag-france","11":"tag-international","12":"tag-news","13":"tag-world"},"share_on_mastodon":{"url":"https:\/\/pubeurope.com\/@fr\/115865718971915440","error":""},"_links":{"self":[{"href":"https:\/\/www.europesays.com\/fr\/wp-json\/wp\/v2\/posts\/651883","targetHints":{"allow":["GET"]}}],"collection":[{"href":"https:\/\/www.europesays.com\/fr\/wp-json\/wp\/v2\/posts"}],"about":[{"href":"https:\/\/www.europesays.com\/fr\/wp-json\/wp\/v2\/types\/post"}],"author":[{"embeddable":true,"href":"https:\/\/www.europesays.com\/fr\/wp-json\/wp\/v2\/users\/2"}],"replies":[{"embeddable":true,"href":"https:\/\/www.europesays.com\/fr\/wp-json\/wp\/v2\/comments?post=651883"}],"version-history":[{"count":0,"href":"https:\/\/www.europesays.com\/fr\/wp-json\/wp\/v2\/posts\/651883\/revisions"}],"wp:featuredmedia":[{"embeddable":true,"href":"https:\/\/www.europesays.com\/fr\/wp-json\/wp\/v2\/media\/651884"}],"wp:attachment":[{"href":"https:\/\/www.europesays.com\/fr\/wp-json\/wp\/v2\/media?parent=651883"}],"wp:term":[{"taxonomy":"category","embeddable":true,"href":"https:\/\/www.europesays.com\/fr\/wp-json\/wp\/v2\/categories?post=651883"},{"taxonomy":"post_tag","embeddable":true,"href":"https:\/\/www.europesays.com\/fr\/wp-json\/wp\/v2\/tags?post=651883"}],"curies":[{"name":"wp","href":"https:\/\/api.w.org\/{rel}","templated":true}]}}