{"id":651885,"date":"2026-01-09T14:55:19","date_gmt":"2026-01-09T14:55:19","guid":{"rendered":"https:\/\/www.europesays.com\/fr\/651885\/"},"modified":"2026-01-09T14:55:19","modified_gmt":"2026-01-09T14:55:19","slug":"paris-le-chauffeur-dun-vtc-sendort-au-volant-et-percute-une-terrasse-quatre-blesses-dont-deux-gravement","status":"publish","type":"post","link":"https:\/\/www.europesays.com\/fr\/651885\/","title":{"rendered":"Paris\u00a0: le chauffeur d\u2019un VTC s\u2019endort au volant et percute une terrasse, quatre bless\u00e9s dont deux gravement"},"content":{"rendered":"<p class=\"paragraph text_align_left lp-f-body-02\">Deux poteaux en b\u00e9ton pli\u00e9s net, des d\u00e9bris \u00e9parpill\u00e9s entre le trottoir et la chauss\u00e9e, une devanture de bar en mauvais point\u2026 Les traces du spectaculaire accident de la nuit sont bien visibles, ce vendredi matin, pr\u00e8s de la station Volontaires (<a href=\"https:\/\/www.leparisien.fr\/paris-75\/paris-75015\/\" target=\"_self\" rel=\"noopener\">XVe arrondissement<\/a> de <a href=\"https:\/\/www.leparisien.fr\/paris-75\/\" target=\"_self\" rel=\"noopener\">Paris<\/a>).<\/p>\n<p class=\"\">C\u2019est ici, au croisement de la rue de Vaugirard et de celle des Volontaires, qu\u2019un chauffeur de VTC circulant avec deux clients \u00e0 son bord se serait endormi au volant. Il \u00e9tait environ 2 heures du matin. Le conducteur a perdu le contr\u00f4le de son v\u00e9hicule qui a quitt\u00e9 la chauss\u00e9e pour monter sur le trottoir.<\/p>\n<p>Le pi\u00e9ton plac\u00e9 dans le coma<\/p>\n<p class=\"\">Le van a ensuite violemment percut\u00e9 un pi\u00e9ton qui se trouvait sur le trottoir avant de terminer sa course dans la terrasse du bar \u00ab Les Volontaires \u00bb, lequel \u00e9tait en train de fermer ses portes. Selon une source polici\u00e8re, le pi\u00e9ton, \u00e2g\u00e9 de 33 ans et habitant du quartier, a d\u00fb \u00eatre intub\u00e9 puis plac\u00e9 dans le coma. Il souffrirait d\u2019un traumatisme cr\u00e2nien et de plusieurs fractures. Son pronostic vital est \u00ab tr\u00e8s engag\u00e9 \u00bb.<\/p>\n<p><img decoding=\"async\" class=\"image \" loading=\"lazy\" src=\"https:\/\/www.europesays.com\/fr\/wp-content\/uploads\/2026\/01\/NJUAVZZBNJCFBGKGVARB2PLVHA.jpg\" alt=\"Paris XVe, ce vendredi 9 janvier 2026. Les d\u00e9g\u00e2ts sont importants dans la rue de Vaugirard apr\u00e8s l'accident de la nuit derni\u00e8re. LP\/Thomas Diquattro\" align=\"\" data-rubrique-principale=\"\" data-article-type=\"\" fetchpriority=\"auto\"\/>Paris XVe, ce vendredi 9 janvier 2026. Les d\u00e9g\u00e2ts sont importants dans la rue de Vaugirard apr\u00e8s l&rsquo;accident de la nuit derni\u00e8re. LP\/Thomas Diquattro<\/p>\n<p class=\"\">\u00ab La voiture a tap\u00e9 le mur du bar. Et comme c\u2019\u00e9tait un mur porteur, un architecte doit intervenir pour s\u2019assurer que rien ne s\u2019effondre \u00bb, nous confie un t\u00e9moin de l\u2019accident. Au sujet du conducteur, il se souvient l\u2019avoir vu \u00ab de longues minutes assis sur une chaise pos\u00e9e devant le bar immobile, sous le choc \u00bb. Souffrant d\u2019un traumatisme thoracique, d\u2019un poignet cass\u00e9 et de multiples l\u00e9sions internes, cet homme de 44 ans domicili\u00e9 dans le Val-d\u2019Oise a ensuite \u00e9t\u00e9 transport\u00e9 en urgence absolue \u00e0 l\u2019h\u00f4pital. Lui aussi serait plac\u00e9 dans le coma depuis.<\/p>\n<p>Deux touristes \u00e0 bord du van<\/p>\n<p class=\"\">Concernant les personnes \u00e0 bord du van, il s\u2019agirait de deux jeunes touristes originaires de Finlande. Fortement choqu\u00e9s, ils ont \u00e9t\u00e9 l\u00e9g\u00e8rement bless\u00e9s. D\u2019apr\u00e8s un autre t\u00e9moin, ils n\u2019\u00e9taient pas attach\u00e9s et auraient \u00e9t\u00e9 projet\u00e9s en avant. Une enqu\u00eate a \u00e9t\u00e9 ouverte et confi\u00e9e au service du traitement judiciaire des accidents (STJA) de la pr\u00e9fecture de police. Pour l\u2019heure, le parquet de Paris n\u2019a pas donn\u00e9 suite \u00e0 nos sollicitations.<\/p>\n<p class=\"\">Ce vendredi matin, la vie a repris dans ce carrefour tr\u00e8s fr\u00e9quent\u00e9. \u00ab Des accidents, ici ? C\u2019est plut\u00f4t rare \u00bb, r\u00e9agit cette commer\u00e7ante voisine, qui, malgr\u00e9 son appartement juste au-dessus du carrefour, \u00ab n\u2019a rien entendu \u00bb.<\/p>\n<p class=\"\">Dans la brasserie \u00ab Les Volontaires \u00bb aussi, la vie a repris : l\u2019enseigne accueille ses clients comme d\u2019habitude. Un employ\u00e9 couche sur l\u2019ardoise ext\u00e9rieure les plats du jour, sur le mur o\u00f9 s\u2019est \u00e9chou\u00e9 le van Mercedes. Qu\u2019en est-il des d\u00e9g\u00e2ts ? Sollicit\u00e9, le personnel de la brasserie n\u2019a pas souhait\u00e9 s\u2019exprimer, expliquant n\u2019avoir \u00ab aucune information \u00bb \u00e0 nous donner.<\/p>\n","protected":false},"excerpt":{"rendered":"Deux poteaux en b\u00e9ton pli\u00e9s net, des d\u00e9bris \u00e9parpill\u00e9s entre le trottoir et la chauss\u00e9e, une devanture de&hellip;\n","protected":false},"author":2,"featured_media":651886,"comment_status":"","ping_status":"","sticky":false,"template":"","format":"standard","meta":{"footnotes":""},"categories":[4],"tags":[11,118,1011,27,1944,12,626,25],"class_list":{"0":"post-651885","1":"post","2":"type-post","3":"status-publish","4":"format-standard","5":"has-post-thumbnail","7":"category-france","8":"tag-actualites","9":"tag-faits-divers","10":"tag-fr","11":"tag-france","12":"tag-ma-ville","13":"tag-news","14":"tag-paris","15":"tag-republique-francaise"},"share_on_mastodon":{"url":"https:\/\/pubeurope.com\/@fr\/115865722893325649","error":""},"_links":{"self":[{"href":"https:\/\/www.europesays.com\/fr\/wp-json\/wp\/v2\/posts\/651885","targetHints":{"allow":["GET"]}}],"collection":[{"href":"https:\/\/www.europesays.com\/fr\/wp-json\/wp\/v2\/posts"}],"about":[{"href":"https:\/\/www.europesays.com\/fr\/wp-json\/wp\/v2\/types\/post"}],"author":[{"embeddable":true,"href":"https:\/\/www.europesays.com\/fr\/wp-json\/wp\/v2\/users\/2"}],"replies":[{"embeddable":true,"href":"https:\/\/www.europesays.com\/fr\/wp-json\/wp\/v2\/comments?post=651885"}],"version-history":[{"count":0,"href":"https:\/\/www.europesays.com\/fr\/wp-json\/wp\/v2\/posts\/651885\/revisions"}],"wp:featuredmedia":[{"embeddable":true,"href":"https:\/\/www.europesays.com\/fr\/wp-json\/wp\/v2\/media\/651886"}],"wp:attachment":[{"href":"https:\/\/www.europesays.com\/fr\/wp-json\/wp\/v2\/media?parent=651885"}],"wp:term":[{"taxonomy":"category","embeddable":true,"href":"https:\/\/www.europesays.com\/fr\/wp-json\/wp\/v2\/categories?post=651885"},{"taxonomy":"post_tag","embeddable":true,"href":"https:\/\/www.europesays.com\/fr\/wp-json\/wp\/v2\/tags?post=651885"}],"curies":[{"name":"wp","href":"https:\/\/api.w.org\/{rel}","templated":true}]}}