{"id":651889,"date":"2026-01-09T14:57:10","date_gmt":"2026-01-09T14:57:10","guid":{"rendered":"https:\/\/www.europesays.com\/fr\/651889\/"},"modified":"2026-01-09T14:57:10","modified_gmt":"2026-01-09T14:57:10","slug":"saint-etienne-les-agriculteurs-appellent-au-blocage-ce-vendredi-apres-midi","status":"publish","type":"post","link":"https:\/\/www.europesays.com\/fr\/651889\/","title":{"rendered":"Saint-\u00c9tienne : les agriculteurs appellent au blocage ce vendredi apr\u00e8s-midi"},"content":{"rendered":"<p>Le syndicat Conf\u00e9d\u00e9ration paysanne lance un appel au blocage devant la pr\u00e9fecture de Saint-\u00c9tienne ce vendredi 9 janvier, d\u00e8s 15h. Une mobilisation qui fait suite \u00e0 la manifestation parisienne de ce matin.<\/p>\n<p>Nouvelle action de blocage en vue. Ce vendredi 9 janvier, les agriculteurs vont-ils se rassembler <b>devant la pr\u00e9fecture de la Loire<\/b>, \u00e0 Saint-\u00c9tienne, <b>\u00e0 partir de 15h<\/b> ?<\/p>\n<p>C&rsquo;est en tout cas ce qu&rsquo;annonce le syndicat\u00a0<b>Conf\u00e9d\u00e9ration paysanne<\/b> qui appelle \u00e0 <b>un blocage<\/b> \u00e0 la suite de la mobilisation parisienne ce matin.<\/p>\n<p>Un blocage des agriculteurs pr\u00e9vu \u00e0 Saint-\u00c9tienne<\/p>\n<p>Une op\u00e9ration escargot a \u00e9t\u00e9 organis\u00e9e pour bloquer la circulation sur le p\u00e9riph\u00e9rique \u00e0 Paris, en s&rsquo;engageant sur la bretelle de la porte de Montreuil. Une op\u00e9ration qui a engendr\u00e9 des centaines de kilom\u00e8tres de bouchons.<\/p>\n<p>Le syndicat Conf\u00e9d\u00e9ration paysanne d\u00e9nonce \u00ab\u00a0l&rsquo;arrestation de deux responsables syndicaux qui rejoignaient l&rsquo;op\u00e9ration escargot sur le p\u00e9riph\u00e9rique parisien\u00a0\u00bb et veut les soutenir par cette op\u00e9ration de blocage \u00e0 Saint-\u00c9tienne.<\/p>\n<p>Dans un communiqu\u00e9, le syndicat a \u00e9galement tenu \u00e0 rappeler que sa mobilisation contre l&rsquo;accord de libre-\u00e9change avec le Mercosur avait d\u00e9j\u00e0 \u00e9t\u00e9 \u00ab\u00a0violemment r\u00e9prim\u00e9e\u00a0\u00bb en d\u00e9cembre 2024 \u00e0 Paris.<\/p>\n<p><img loading=\"lazy\" decoding=\"async\" src=\"https:\/\/www.europesays.com\/fr\/wp-content\/uploads\/2026\/01\/1767970630_921_img.jpeg\" width=\"350\" height=\"200\" border=\"0\" title=\"Un camion Enedis\"\/><\/p>\n<p>\u25baSoci\u00e9t\u00e9<\/p>\n<p style=\"font-size: 22px;\"><b>Temp\u00eate Goretti : 60 foyers priv\u00e9s de courant en Haute-Loire ce matin\u00a0<\/b><\/p>\n<p>Le vent souffle tr\u00e8s fort en Auvergne depuis la&#8230;<\/p>\n<p><\/p>\n","protected":false},"excerpt":{"rendered":"Le syndicat Conf\u00e9d\u00e9ration paysanne lance un appel au blocage devant la pr\u00e9fecture de Saint-\u00c9tienne ce vendredi 9 janvier,&hellip;\n","protected":false},"author":2,"featured_media":651890,"comment_status":"","ping_status":"","sticky":false,"template":"","format":"standard","meta":{"footnotes":""},"categories":[9653],"tags":[1111,11,2572,2430,75599,1777,674,1011,27,12,11128,25,9920,4001],"class_list":{"0":"post-651889","1":"post","2":"type-post","3":"status-publish","4":"format-standard","5":"has-post-thumbnail","7":"category-saint-etienne","8":"tag-actu","9":"tag-actualites","10":"tag-agriculteurs","11":"tag-auvergne-rhone-alpes","12":"tag-confdration-paysanne","13":"tag-eu","14":"tag-europe","15":"tag-fr","16":"tag-france","17":"tag-news","18":"tag-prfecture","19":"tag-republique-francaise","20":"tag-saint-tienne","21":"tag-saint-etienne"},"share_on_mastodon":{"url":"https:\/\/pubeurope.com\/@fr\/115865730794807096","error":""},"_links":{"self":[{"href":"https:\/\/www.europesays.com\/fr\/wp-json\/wp\/v2\/posts\/651889","targetHints":{"allow":["GET"]}}],"collection":[{"href":"https:\/\/www.europesays.com\/fr\/wp-json\/wp\/v2\/posts"}],"about":[{"href":"https:\/\/www.europesays.com\/fr\/wp-json\/wp\/v2\/types\/post"}],"author":[{"embeddable":true,"href":"https:\/\/www.europesays.com\/fr\/wp-json\/wp\/v2\/users\/2"}],"replies":[{"embeddable":true,"href":"https:\/\/www.europesays.com\/fr\/wp-json\/wp\/v2\/comments?post=651889"}],"version-history":[{"count":0,"href":"https:\/\/www.europesays.com\/fr\/wp-json\/wp\/v2\/posts\/651889\/revisions"}],"wp:featuredmedia":[{"embeddable":true,"href":"https:\/\/www.europesays.com\/fr\/wp-json\/wp\/v2\/media\/651890"}],"wp:attachment":[{"href":"https:\/\/www.europesays.com\/fr\/wp-json\/wp\/v2\/media?parent=651889"}],"wp:term":[{"taxonomy":"category","embeddable":true,"href":"https:\/\/www.europesays.com\/fr\/wp-json\/wp\/v2\/categories?post=651889"},{"taxonomy":"post_tag","embeddable":true,"href":"https:\/\/www.europesays.com\/fr\/wp-json\/wp\/v2\/tags?post=651889"}],"curies":[{"name":"wp","href":"https:\/\/api.w.org\/{rel}","templated":true}]}}