{"id":651893,"date":"2026-01-09T14:59:12","date_gmt":"2026-01-09T14:59:12","guid":{"rendered":"https:\/\/www.europesays.com\/fr\/651893\/"},"modified":"2026-01-09T14:59:12","modified_gmt":"2026-01-09T14:59:12","slug":"salons-chantants-avec-les-chorales-lo-couarail-et-aux-quatre-vents","status":"publish","type":"post","link":"https:\/\/www.europesays.com\/fr\/651893\/","title":{"rendered":"Salons chantants avec les chorales Lo Couarail et Aux Quatre-Vents"},"content":{"rendered":"<p>Les chorales Lo Couarail, de Tonnoy, et Aux Quatre-Vents, de Pulnoy, seront r\u00e9unies pour donner un concert \u00e0 l\u2019h\u00f4tel de ville, \u00e0 Nancy.<\/p>\n<p>Lo Couarail se produira sous la direction de Pierre-Emmanuel Kuntz et interpr\u00e9tera un r\u00e9pertoire de chansons traditionnelles lorraines et populaires. Le ch\u0153ur vocal puln\u00e9en reprendra des titres de vari\u00e9t\u00e9 fran\u00e7aise.<\/p>\n<p class=\"note\">Dimanche 11\u00a0janvier, \u00e0 16\u00a0h, dans les grands salons de l\u2019h\u00f4tel de ville, place Stanislas, \u00e0 Nancy. Entr\u00e9e libre.<\/p>\n","protected":false},"excerpt":{"rendered":"Les chorales Lo Couarail, de Tonnoy, et Aux Quatre-Vents, de Pulnoy, seront r\u00e9unies pour donner un concert \u00e0&hellip;\n","protected":false},"author":2,"featured_media":651894,"comment_status":"","ping_status":"","sticky":false,"template":"","format":"standard","meta":{"footnotes":""},"categories":[9635],"tags":[1111,11,1687,1704,1777,674,1011,27,775,873,1702,1703,12,25],"class_list":{"0":"post-651893","1":"post","2":"type-post","3":"status-publish","4":"format-standard","5":"has-post-thumbnail","7":"category-nancy","8":"tag-actu","9":"tag-actualites","10":"tag-culture-loisirs","11":"tag-edition-nancy-et-agglomeration","12":"tag-eu","13":"tag-europe","14":"tag-fr","15":"tag-france","16":"tag-grand-est","17":"tag-musique","18":"tag-nancy","19":"tag-nancy-ville-54b","20":"tag-news","21":"tag-republique-francaise"},"share_on_mastodon":{"url":"https:\/\/pubeurope.com\/@fr\/115865738746238025","error":""},"_links":{"self":[{"href":"https:\/\/www.europesays.com\/fr\/wp-json\/wp\/v2\/posts\/651893","targetHints":{"allow":["GET"]}}],"collection":[{"href":"https:\/\/www.europesays.com\/fr\/wp-json\/wp\/v2\/posts"}],"about":[{"href":"https:\/\/www.europesays.com\/fr\/wp-json\/wp\/v2\/types\/post"}],"author":[{"embeddable":true,"href":"https:\/\/www.europesays.com\/fr\/wp-json\/wp\/v2\/users\/2"}],"replies":[{"embeddable":true,"href":"https:\/\/www.europesays.com\/fr\/wp-json\/wp\/v2\/comments?post=651893"}],"version-history":[{"count":0,"href":"https:\/\/www.europesays.com\/fr\/wp-json\/wp\/v2\/posts\/651893\/revisions"}],"wp:featuredmedia":[{"embeddable":true,"href":"https:\/\/www.europesays.com\/fr\/wp-json\/wp\/v2\/media\/651894"}],"wp:attachment":[{"href":"https:\/\/www.europesays.com\/fr\/wp-json\/wp\/v2\/media?parent=651893"}],"wp:term":[{"taxonomy":"category","embeddable":true,"href":"https:\/\/www.europesays.com\/fr\/wp-json\/wp\/v2\/categories?post=651893"},{"taxonomy":"post_tag","embeddable":true,"href":"https:\/\/www.europesays.com\/fr\/wp-json\/wp\/v2\/tags?post=651893"}],"curies":[{"name":"wp","href":"https:\/\/api.w.org\/{rel}","templated":true}]}}