{"id":651897,"date":"2026-01-09T15:01:10","date_gmt":"2026-01-09T15:01:10","guid":{"rendered":"https:\/\/www.europesays.com\/fr\/651897\/"},"modified":"2026-01-09T15:01:10","modified_gmt":"2026-01-09T15:01:10","slug":"champions-cup-la-recrue-tomas-albornoz-titulaire-pour-la-premiere-fois-avec-toulon-face-au-munster","status":"publish","type":"post","link":"https:\/\/www.europesays.com\/fr\/651897\/","title":{"rendered":"Champions Cup : la recrue Tomas Albornoz titulaire pour la premi\u00e8re fois avec Toulon face au Munster"},"content":{"rendered":"<p>Le RCT ne pourra pas compter sur <a href=\"https:\/\/www.laprovence.com\/article\/sports\/3020853103003114\/rugby-top-14-baptiste-serin-sera-toulonnais-jusquen-2028\" target=\"_blank\" rel=\"noopener\">Baptiste Serin<\/a> face au Munster ce dimanche (14h) \u00e0 Mayol. Bless\u00e9 \u00e0 la cuisse contre Perpignan le 28 d\u00e9cembre, l&rsquo;ouvreur laisse sa place au petit nouveau de l&rsquo;effectif toulonnais dans le XV de Pierre Mignoni : Tomas Albornoz, recrut\u00e9 fin d\u00e9cembre.<\/p>\n<p>Comme lors de la <a href=\"https:\/\/www.laprovence.com\/article\/sports\/1346178466945715\/rugby-top-14-largement-remanie-le-rct-secroule-a-la-rochelle\" target=\"_blank\" rel=\"noopener\">d\u00e9culott\u00e9e \u00e0 La Rochelle (66-0)<\/a> Le technicien varois devra bricoler pour pallier de nombreuses absences. Il pourra toujours compter sur Charles Ollivon, positionn\u00e9 en deuxi\u00e8me ligne, et sur <a href=\"https:\/\/www.laprovence.com\/article\/sports\/1901317098023914\/rugby-ben-white-prolonge-au-rc-toulon-jusquen-2028\" target=\"_blank\" rel=\"noopener\">Ben White<\/a>, \u00e0 la m\u00eal\u00e9e aux c\u00f4t\u00e9s du bizut argentin.<\/p>\n<p>La victoire est imp\u00e9rative pour les Toulonnais qui comptent cinq points, soit autant&#8230; que toutes les \u00e9quipes du groupe hormis Bath, leader avec six unit\u00e9s.<\/p>\n<p>La composition du RCT face au Munster<\/p>\n<p>Domon &#8211; Dr\u00e9an, Brex, Sinzelle, Fert\u00e9 &#8211; (o) Albornoz, (m) White &#8211; Abadie, Mercer, Ludlam &#8211; Ribbans, Ollivon &#8211; Sinckler, Baubigny, Gros.<\/p>\n<p>Rempla\u00e7ants\u00a0:\u00a0Toevalu, Ametlla, Priso, Alainu&rsquo;uese, Mezou, Coulon, Garbisi, Tuicuvu.<\/p>\n","protected":false},"excerpt":{"rendered":"Le RCT ne pourra pas compter sur Baptiste Serin face au Munster ce dimanche (14h) \u00e0 Mayol. Bless\u00e9&hellip;\n","protected":false},"author":2,"featured_media":651898,"comment_status":"","ping_status":"","sticky":false,"template":"","format":"standard","meta":{"footnotes":""},"categories":[9619],"tags":[5734,1111,11,70808,6828,6829,1777,674,1011,27,12,882,30328,25,479,60,31438,70807,2310],"class_list":{"0":"post-651897","1":"post","2":"type-post","3":"status-publish","4":"format-standard","5":"has-post-thumbnail","7":"category-toulon","8":"tag-5734","9":"tag-actu","10":"tag-actualites","11":"tag-albornoz","12":"tag-champions","13":"tag-cup","14":"tag-eu","15":"tag-europe","16":"tag-fr","17":"tag-france","18":"tag-news","19":"tag-provence-alpes-cote-dazur","20":"tag-recrue","21":"tag-republique-francaise","22":"tag-rugby","23":"tag-sports","24":"tag-titulaire","25":"tag-tomas","26":"tag-toulon"},"share_on_mastodon":{"url":"https:\/\/pubeurope.com\/@fr\/115865746444063051","error":""},"_links":{"self":[{"href":"https:\/\/www.europesays.com\/fr\/wp-json\/wp\/v2\/posts\/651897","targetHints":{"allow":["GET"]}}],"collection":[{"href":"https:\/\/www.europesays.com\/fr\/wp-json\/wp\/v2\/posts"}],"about":[{"href":"https:\/\/www.europesays.com\/fr\/wp-json\/wp\/v2\/types\/post"}],"author":[{"embeddable":true,"href":"https:\/\/www.europesays.com\/fr\/wp-json\/wp\/v2\/users\/2"}],"replies":[{"embeddable":true,"href":"https:\/\/www.europesays.com\/fr\/wp-json\/wp\/v2\/comments?post=651897"}],"version-history":[{"count":0,"href":"https:\/\/www.europesays.com\/fr\/wp-json\/wp\/v2\/posts\/651897\/revisions"}],"wp:featuredmedia":[{"embeddable":true,"href":"https:\/\/www.europesays.com\/fr\/wp-json\/wp\/v2\/media\/651898"}],"wp:attachment":[{"href":"https:\/\/www.europesays.com\/fr\/wp-json\/wp\/v2\/media?parent=651897"}],"wp:term":[{"taxonomy":"category","embeddable":true,"href":"https:\/\/www.europesays.com\/fr\/wp-json\/wp\/v2\/categories?post=651897"},{"taxonomy":"post_tag","embeddable":true,"href":"https:\/\/www.europesays.com\/fr\/wp-json\/wp\/v2\/tags?post=651897"}],"curies":[{"name":"wp","href":"https:\/\/api.w.org\/{rel}","templated":true}]}}