{"id":651899,"date":"2026-01-09T15:02:11","date_gmt":"2026-01-09T15:02:11","guid":{"rendered":"https:\/\/www.europesays.com\/fr\/651899\/"},"modified":"2026-01-09T15:02:11","modified_gmt":"2026-01-09T15:02:11","slug":"les-supporters-toulonnais-vont-ils-accepter-la-construction-dun-stade-mayol-2-0-a-proximite-du-stade-mayol-actuel","status":"publish","type":"post","link":"https:\/\/www.europesays.com\/fr\/651899\/","title":{"rendered":"Les supporters Toulonnais vont-ils accepter la construction d\u2019un stade Mayol 2.0 \u00e0 proximit\u00e9 du Stade Mayol actuel ?"},"content":{"rendered":"<p>Dans un entretien accord\u00e9 au journal l\u2019Equipe, le pr\u00e9sident du RCT Bernard Lema\u00eetre explique la n\u00e9cessit\u00e9 de construire une nouvelle enceinte \u00e0 Toulon, pour garantir la p\u00e9rennit\u00e9 \u00e9conomique du club varois et attirer des repreneurs.<\/p>\n<p>Gifl\u00e9s \u00e0 la Rochelle dimanche dernier (66-0) lors de la 14e journ\u00e9e de Top 14 \u2013 certes avec un effectif rajeuni et consid\u00e9rablement remani\u00e9 \u2013 les joueurs du Rugby Club Toulonnais sont attendus au tournant pour cette fin de saison en championnat comme en Champions Cup.<\/p>\n<p>Avant d\u2019aller d\u00e9fier le Munster dimanche (14 heures) en\u00a0Coupe d\u2019Europe, le propri\u00e9taire du RCT depuis 2020, Bernard Lema\u00eetre, s\u2019est confi\u00e9 lors d\u2019un entretien \u00e0\u00a0l\u2019Equipe\u00a0pour \u00e9voquer le futur du club varois et notamment de son stade.<\/p>\n<p><strong>\u00ab\u00a0Il faut se diriger vers la construction d\u2019un nouveau stade, la solution la plus adapt\u00e9e et in\u00e9luctable\u00a0\u00bb<\/strong><\/p>\n<p>L\u2019homme qui a f\u00eat\u00e9 ses 87 ans en d\u00e9cembre a notamment \u00e9voqu\u00e9 la probl\u00e9matique du stade, en expliquant que l\u2019embl\u00e9matique\u00a0Mayol\u00a0\u00e9tait \u00ab\u00a0compl\u00e8tement inadapt\u00e9 \u00e0 une exploitation moderne\u00a0\u00bb.<\/p>\n<p>\u00c9voquant des \u00ab\u00a0handicaps limitant la cr\u00e9ation de revenus\u00a0\u00bb \u00e0 Toulon, Bernard Lema\u00eetre a d\u00e9taill\u00e9 les raisons pour lesquelles, selon lui, la construction d\u2019une nouvelle enceinte \u00e9tait indispensable \u00e0 l\u2019avenir.<\/p>\n<p>\u00ab\u00a0Mayol a son \u00e2ge (le stade a \u00e9t\u00e9 inaugur\u00e9 en 1920) (\u2026) L\u2019enceinte est limit\u00e9e \u00e0 un match tous les quinze jours puisque l\u2019on n\u2019a pas le droit d\u2019y faire autre chose que du rugby. Cela nous prive de cinq \u00e0 dix millions d\u2019euros en mati\u00e8re d\u2019hospitalit\u00e9s. Soit exactement le chiffre qui nous manque pour \u00e9quilibrer nos comptes\u00a0\u00bb, a ainsi d\u00e9taill\u00e9 le dirigeant varois aupr\u00e8s du quotidien.<\/p>\n<p>\u00ab\u00a0(\u2026) On travaille comme des fous pour pr\u00e9parer des dossiers pour les candidats \u00e0 la municipalit\u00e9 avec l\u2019aide de soci\u00e9t\u00e9s sp\u00e9cialis\u00e9es et comp\u00e9tentes qui ont construit ou particip\u00e9 \u00e0 la construction d\u2019autres stades en France et ailleurs. Les capacit\u00e9s d\u2019am\u00e9lioration de Mayol sont extraordinairement limit\u00e9es.\u00a0\u00bb<\/p>\n<p>\u00ab\u00a0Il faut donc se diriger visiblement vers la construction d\u2019un nouveau stade, un projet \u00e0 cinq ans. C\u2019est la solution la plus adapt\u00e9e, elle est in\u00e9luctable.\u00a0\u00bb<\/p>\n<p><strong>Vers un Mayol 2.0 \u00e0 proximit\u00e9 du stade actuel?<\/strong><\/p>\n<p>Si le patron du\u00a0RCT\u00a0compte donc sur un soutien politique, ce projet de nouveau stade s\u2019inscrit \u00e9galement dans une logique de passation de pouvoir \u00e0 d\u2019\u00e9ventuels repreneurs. Une enceinte pourvoyeuse de davantage de revenus, allant \u00ab\u00a0jusqu\u2019\u00e0 20.000 places\u00a0\u00bb, est selon lui une n\u00e9cessit\u00e9 pour faire venir des personnes int\u00e9ress\u00e9es par le club toulonnais.<\/p>\n<p>Quant \u00e0 savoir o\u00f9 pourrait se dresser ce futur stade, Bernard Lema\u00eetre explique qu\u2019une possibilit\u00e9 existe \u00ab\u00a0assez proche du Mayol actuel\u00ab\u00a0, sans toutefois donner plus de d\u00e9tails.<\/p>\n<p>Une hypoth\u00e8se qui pourrait, peut-\u00eatre, permettre de contenter les supporters du club attach\u00e9s depuis plus de 100 ans \u00e0 cet embl\u00e8me situ\u00e9 \u00e0 quelques m\u00e8tres du port de la ville.<\/p>\n<p>Via <a href=\"https:\/\/rmcsport.bfmtv.com\/rugby\/top-14\/toulon-se-diriger-vers-la-construction-d-un-nouveau-stade-le-president-du-rct-veut-quitter-l-emblematique-stade-mayol_AV-202601090527.html\" target=\"_blank\" rel=\"noopener\">RMC Sport<\/a><\/p>\n","protected":false},"excerpt":{"rendered":"Dans un entretien accord\u00e9 au journal l\u2019Equipe, le pr\u00e9sident du RCT Bernard Lema\u00eetre explique la n\u00e9cessit\u00e9 de construire&hellip;\n","protected":false},"author":2,"featured_media":651900,"comment_status":"","ping_status":"","sticky":false,"template":"","format":"standard","meta":{"footnotes":""},"categories":[9619],"tags":[1111,11,1777,674,1011,27,12,882,25,2310],"class_list":{"0":"post-651899","1":"post","2":"type-post","3":"status-publish","4":"format-standard","5":"has-post-thumbnail","7":"category-toulon","8":"tag-actu","9":"tag-actualites","10":"tag-eu","11":"tag-europe","12":"tag-fr","13":"tag-france","14":"tag-news","15":"tag-provence-alpes-cote-dazur","16":"tag-republique-francaise","17":"tag-toulon"},"share_on_mastodon":{"url":"https:\/\/pubeurope.com\/@fr\/115865750386058246","error":""},"_links":{"self":[{"href":"https:\/\/www.europesays.com\/fr\/wp-json\/wp\/v2\/posts\/651899","targetHints":{"allow":["GET"]}}],"collection":[{"href":"https:\/\/www.europesays.com\/fr\/wp-json\/wp\/v2\/posts"}],"about":[{"href":"https:\/\/www.europesays.com\/fr\/wp-json\/wp\/v2\/types\/post"}],"author":[{"embeddable":true,"href":"https:\/\/www.europesays.com\/fr\/wp-json\/wp\/v2\/users\/2"}],"replies":[{"embeddable":true,"href":"https:\/\/www.europesays.com\/fr\/wp-json\/wp\/v2\/comments?post=651899"}],"version-history":[{"count":0,"href":"https:\/\/www.europesays.com\/fr\/wp-json\/wp\/v2\/posts\/651899\/revisions"}],"wp:featuredmedia":[{"embeddable":true,"href":"https:\/\/www.europesays.com\/fr\/wp-json\/wp\/v2\/media\/651900"}],"wp:attachment":[{"href":"https:\/\/www.europesays.com\/fr\/wp-json\/wp\/v2\/media?parent=651899"}],"wp:term":[{"taxonomy":"category","embeddable":true,"href":"https:\/\/www.europesays.com\/fr\/wp-json\/wp\/v2\/categories?post=651899"},{"taxonomy":"post_tag","embeddable":true,"href":"https:\/\/www.europesays.com\/fr\/wp-json\/wp\/v2\/tags?post=651899"}],"curies":[{"name":"wp","href":"https:\/\/api.w.org\/{rel}","templated":true}]}}