{"id":65190,"date":"2025-04-30T20:07:11","date_gmt":"2025-04-30T20:07:11","guid":{"rendered":"https:\/\/www.europesays.com\/fr\/65190\/"},"modified":"2025-04-30T20:07:11","modified_gmt":"2025-04-30T20:07:11","slug":"vladimir-poutine-affirme-que-des-citoyens-francais-se-battent-aux-cotes-de-la-russie","status":"publish","type":"post","link":"https:\/\/www.europesays.com\/fr\/65190\/","title":{"rendered":"Vladimir Poutine affirme que des \u00abcitoyens fran\u00e7ais\u00bb se battent \u00abaux c\u00f4t\u00e9s de la Russie\u00bb"},"content":{"rendered":"<p>Dans une d\u00e9claration relay\u00e9e par l\u2019agence de presse Tass, le pr\u00e9sident russe assure qu\u2019une unit\u00e9 baptis\u00e9e \u00abNormandie-Ni\u00e9men\u00bb comporte des \u00e9l\u00e9ments fran\u00e7ais en son sein.<\/p>\n<p class=\"fig-paragraph\">Au cours d\u2019une intervention mercredi \u00e0 Moscou,\u00a0<a href=\"http:\/\/www.lefigaro.fr\/international\/la-crimee-a-ete-est-et-restera-irrevocablement-russe-dans-la-peninsule-la-croisade-du-metropolite-tikhon-le-confesseur-de-poutine-20250425\" target=\"_blank\" data-fig-type=\"Article\" rel=\"noopener nofollow\" data-gtm-custom-categorie=\"navigation\" data-gtm-custom-action=\"crossclick\" data-gtm-custom-label=\"Contextuel\" data-gtm-event=\"customEventSPE\" data-fig-domain=\"LEFIGARO\">Vladimir Poutine<\/a>\u00a0a indiqu\u00e9 que certains citoyens fran\u00e7ais participaient \u00e0 des op\u00e9rations militaires aux c\u00f4t\u00e9s des forces russes en Ukraine. \u00abCertains citoyens fran\u00e7ais combattent dans la zone SVO aux c\u00f4t\u00e9s de la Russie. Leur unit\u00e9 est baptis\u00e9e \u201cNormandie-Ni\u00e9men\u201d\u00bb, a pr\u00e9cis\u00e9 le chef de l\u2019\u00c9tat russe, dans une d\u00e9claration relay\u00e9e par l\u2019agence de presse officielle russe Tass.<\/p>\n<p class=\"fig-paragraph\">Selon un journaliste russe de la cha\u00eene de t\u00e9l\u00e9vision Rossiya 1, un soldat portant l\u2019indicatif \u00abPadre\u00bb serait venu combattre dans le Donbass en d\u00e9cembre dernier, et tandis qu\u2019un autre soldat tricolore portant l\u2019indicatif \u00abGautier\u00bb serait arriv\u00e9 il y a un mois.<\/p>\n<p class=\"fig-paragraph\">Selon le journaliste russe, les deux volontaires seraient d\u2019anciens officiers de l\u2019arm\u00e9e fran\u00e7aise. L\u2019un d\u2019entre eux aurait \u00e9t\u00e9 instructeur dans la L\u00e9gion \u00e9trang\u00e8re. De son c\u00f4t\u00e9, Vladimir Poutine a assur\u00e9 qu\u2019il y a \u00abtoujours eu en France des gens qui partagent les valeurs de la Russie\u00bb et se r\u00e9jouit \u00abque de tels citoyens existent encore aujourd\u2019hui\u00bb.<\/p>\n<p class=\"fig-paragraph\">Plus d\u2019informations \u00e0 suivre&#8230;<\/p>\n","protected":false},"excerpt":{"rendered":"Dans une d\u00e9claration relay\u00e9e par l\u2019agence de presse Tass, le pr\u00e9sident russe assure qu\u2019une unit\u00e9 baptis\u00e9e \u00abNormandie-Ni\u00e9men\u00bb comporte&hellip;\n","protected":false},"author":2,"featured_media":65191,"comment_status":"","ping_status":"","sticky":false,"template":"","format":"standard","meta":{"footnotes":""},"categories":[1590],"tags":[259,11,260,1777,674,14,261,12,262,132,220,135],"class_list":{"0":"post-65190","1":"post","2":"type-post","3":"status-publish","4":"format-standard","5":"has-post-thumbnail","7":"category-ukraine","8":"tag-actualite-internationale","9":"tag-actualites","10":"tag-affaires-etrangeres","11":"tag-eu","12":"tag-europe","13":"tag-international","14":"tag-ministere-des-affaires-etrangeres","15":"tag-news","16":"tag-politique-etrangere","17":"tag-russie","18":"tag-ukraine","19":"tag-vladimir-poutine"},"share_on_mastodon":{"url":"https:\/\/pubeurope.com\/@fr\/114428722779727531","error":""},"_links":{"self":[{"href":"https:\/\/www.europesays.com\/fr\/wp-json\/wp\/v2\/posts\/65190","targetHints":{"allow":["GET"]}}],"collection":[{"href":"https:\/\/www.europesays.com\/fr\/wp-json\/wp\/v2\/posts"}],"about":[{"href":"https:\/\/www.europesays.com\/fr\/wp-json\/wp\/v2\/types\/post"}],"author":[{"embeddable":true,"href":"https:\/\/www.europesays.com\/fr\/wp-json\/wp\/v2\/users\/2"}],"replies":[{"embeddable":true,"href":"https:\/\/www.europesays.com\/fr\/wp-json\/wp\/v2\/comments?post=65190"}],"version-history":[{"count":0,"href":"https:\/\/www.europesays.com\/fr\/wp-json\/wp\/v2\/posts\/65190\/revisions"}],"wp:featuredmedia":[{"embeddable":true,"href":"https:\/\/www.europesays.com\/fr\/wp-json\/wp\/v2\/media\/65191"}],"wp:attachment":[{"href":"https:\/\/www.europesays.com\/fr\/wp-json\/wp\/v2\/media?parent=65190"}],"wp:term":[{"taxonomy":"category","embeddable":true,"href":"https:\/\/www.europesays.com\/fr\/wp-json\/wp\/v2\/categories?post=65190"},{"taxonomy":"post_tag","embeddable":true,"href":"https:\/\/www.europesays.com\/fr\/wp-json\/wp\/v2\/tags?post=65190"}],"curies":[{"name":"wp","href":"https:\/\/api.w.org\/{rel}","templated":true}]}}