{"id":651901,"date":"2026-01-09T15:03:11","date_gmt":"2026-01-09T15:03:11","guid":{"rendered":"https:\/\/www.europesays.com\/fr\/651901\/"},"modified":"2026-01-09T15:03:11","modified_gmt":"2026-01-09T15:03:11","slug":"clap-de-fin-pour-le-sapin-de-noel-sur-la-comedie-larbre-de-15-metres-a-ete-demonte-a-montpellier","status":"publish","type":"post","link":"https:\/\/www.europesays.com\/fr\/651901\/","title":{"rendered":"Clap de fin pour le sapin de No\u00ebl sur la Com\u00e9die\u00a0: l\u2019arbre de 15 m\u00e8tres a \u00e9t\u00e9 d\u00e9mont\u00e9 \u00e0 Montpellier"},"content":{"rendered":"<p>\n                                                                Le sapin de No\u00ebl install\u00e9 place de la Com\u00e9die \u00e0 Montpellier a \u00e9t\u00e9 d\u00e9mont\u00e9 vendredi 9\u00a0janvier, marquant la fin des f\u00eates de fin d\u2019ann\u00e9e dans le centre-ville.\n                            <\/p>\n<p>Le symbole des f\u00eates de fin d\u2019ann\u00e9e n\u2019est plus. Tr\u00f4nant sur la place de la Com\u00e9die \u00e0 Montpellier depuis le jeudi 20\u00a0novembre, le sapin de No\u00ebl a \u00e9t\u00e9 d\u00e9mont\u00e9 ce vendredi 9\u00a0janvier. Il s\u2019agissait\u00a0d\u2019un sapin naturel principal de dix m\u00e8tres de hauteur et d\u2019une rehausse de cinq m\u00e8tres suppl\u00e9mentaires, avec des branches suppl\u00e9mentaires.\u00a0Soit 15 m\u00e8tres au total pour l\u2019arbre de No\u00ebl.<\/p>\n<p>Illumin\u00e9 depuis le 26\u00a0novembre<\/p>\n<p>Le sapin avait \u00e9t\u00e9 illumin\u00e9\u00a0le 26\u00a0novembre dernier, date de l\u2019anniversaire de la ville et du lancement des autres illuminations de fin d\u2019ann\u00e9e. Pour les passants, c\u2019est donc la fin des photos avec l\u2019arbre de No\u00ebl et l\u2019Op\u00e9ra Com\u00e9die en fond.<\/p>\n","protected":false},"excerpt":{"rendered":"Le sapin de No\u00ebl install\u00e9 place de la Com\u00e9die \u00e0 Montpellier a \u00e9t\u00e9 d\u00e9mont\u00e9 vendredi 9\u00a0janvier, marquant la&hellip;\n","protected":false},"author":2,"featured_media":651902,"comment_status":"","ping_status":"","sticky":false,"template":"","format":"standard","meta":{"footnotes":""},"categories":[9599],"tags":[1111,11,872,1777,674,1011,27,69124,7089,2208,12,64981,2680,25],"class_list":{"0":"post-651901","1":"post","2":"type-post","3":"status-publish","4":"format-standard","5":"has-post-thumbnail","7":"category-montpellier","8":"tag-actu","9":"tag-actualites","10":"tag-culture-et-loisirs","11":"tag-eu","12":"tag-europe","13":"tag-fr","14":"tag-france","15":"tag-fu00eates-et-festivals","16":"tag-herault","17":"tag-montpellier","18":"tag-news","19":"tag-nou00ebl","20":"tag-occitanie","21":"tag-republique-francaise"},"share_on_mastodon":{"url":"https:\/\/pubeurope.com\/@fr\/115865754383631250","error":""},"_links":{"self":[{"href":"https:\/\/www.europesays.com\/fr\/wp-json\/wp\/v2\/posts\/651901","targetHints":{"allow":["GET"]}}],"collection":[{"href":"https:\/\/www.europesays.com\/fr\/wp-json\/wp\/v2\/posts"}],"about":[{"href":"https:\/\/www.europesays.com\/fr\/wp-json\/wp\/v2\/types\/post"}],"author":[{"embeddable":true,"href":"https:\/\/www.europesays.com\/fr\/wp-json\/wp\/v2\/users\/2"}],"replies":[{"embeddable":true,"href":"https:\/\/www.europesays.com\/fr\/wp-json\/wp\/v2\/comments?post=651901"}],"version-history":[{"count":0,"href":"https:\/\/www.europesays.com\/fr\/wp-json\/wp\/v2\/posts\/651901\/revisions"}],"wp:featuredmedia":[{"embeddable":true,"href":"https:\/\/www.europesays.com\/fr\/wp-json\/wp\/v2\/media\/651902"}],"wp:attachment":[{"href":"https:\/\/www.europesays.com\/fr\/wp-json\/wp\/v2\/media?parent=651901"}],"wp:term":[{"taxonomy":"category","embeddable":true,"href":"https:\/\/www.europesays.com\/fr\/wp-json\/wp\/v2\/categories?post=651901"},{"taxonomy":"post_tag","embeddable":true,"href":"https:\/\/www.europesays.com\/fr\/wp-json\/wp\/v2\/tags?post=651901"}],"curies":[{"name":"wp","href":"https:\/\/api.w.org\/{rel}","templated":true}]}}