{"id":651909,"date":"2026-01-09T15:07:10","date_gmt":"2026-01-09T15:07:10","guid":{"rendered":"https:\/\/www.europesays.com\/fr\/651909\/"},"modified":"2026-01-09T15:07:10","modified_gmt":"2026-01-09T15:07:10","slug":"me-thomas-mousseau-swiercz-est-le-nouveau-president-de-lunion-des-jeunes-avocats-de-grenoble","status":"publish","type":"post","link":"https:\/\/www.europesays.com\/fr\/651909\/","title":{"rendered":"Me\u00a0Thomas Mousseau-Swiercz est le nouveau pr\u00e9sident de l\u2019Union des jeunes avocats de Grenoble"},"content":{"rendered":"<p>Depuis le 1er\u00a0janvier dernier, Me\u00a0Thomas Mousseau-Swiercz, 31\u00a0ans, a pris ses fonctions de pr\u00e9sident de l\u2019Union des jeunes avocats (UJA) de Grenoble, pour un mandat d\u2019un an.<\/p>\n<p><img fetchpriority=\"high\" decoding=\"async\" width=\"682\" height=\"1024\" src=\"https:\/\/www.europesays.com\/fr\/wp-content\/uploads\/2026\/01\/Thomas-Mousseau-Swiercz-\u00a9-Michel-Battaglia-1-682x1024.jpeg\" alt=\"\" class=\"wp-image-4712051\" style=\"width:288px;height:auto\"  \/><\/p>\n<p>Apr\u00e8s des \u00e9tudes de droit \u00e0 la facult\u00e9 de Grenoble, notamment un master 2 en droit des affaires en double cursus avec Grenoble \u00e9cole de management, il int\u00e8gre l\u2019\u00e9cole d\u2019avocats de Lyon en 2021. Inscrit au Barreau de Grenoble depuis sa prestation de serment en d\u00e9cembre 2022, Me\u00a0Thomas Mousseau-Swiercz exerce chez VBA Avocats, d\u2019abord comme avocat collaborateur, et depuis le 1er\u00a0janvier dernier, en tant qu\u2019associ\u00e9. Dans ce cabinet grenoblois sp\u00e9cialis\u00e9 en droit des affaires et des soci\u00e9t\u00e9s, le professionnel a pour domaines de pr\u00e9dilection le contentieux commercial et le contentieux en droit du travail.<\/p>\n<p>Investi pour sa profession, Me\u00a0Thomas Mousseau-Swiercz a rejoint le syndicat UJA en 2023, occupant diff\u00e9rentes fonctions (membre du bureau en 2024, vice-pr\u00e9sident en 2025) jusqu\u2019\u00e0 son \u00e9lection comme pr\u00e9sident, le<br \/>16\u00a0d\u00e9cembre dernier. Il a \u00e9galement \u00e9t\u00e9 repr\u00e9sentant du tr\u00e8s jeune Barreau (moins de deux ann\u00e9es d\u2019exercice) au sein du conseil de l\u2019Ordre du Barreau de Grenoble en 2024-2025.<\/p>\n<p>Sur sa feuille de route pour l\u2019ann\u00e9e 2026 figure surtout l\u2019organisation du congr\u00e8s national de la F\u00e9d\u00e9ration nationale des UJA, qui se tiendra en mai prochain, \u00e0 Grenoble\u00a0: \u00ab C\u2019est une vraie chance de faire rayonner notre Barreau de Grenoble au plan national, vingt-trois ans apr\u00e8s la tenue du dernier congr\u00e8s FNUJA dans la capitale des Alpes. \u00bb Parmi ses autres axes prioritaires\u00a0: l\u2019information et la formation des jeunes confr\u00e8res, \u00ab\u00a0en particulier sur les th\u00e9matiques de l\u2019intelligence artificielle et de la facturation \u00e9lectronique.\u00a0\u00bb<\/p>\n<p>Durant ce mandat, il sera \u00e9paul\u00e9 par Me\u00a0Camille Gremont, vice-pr\u00e9sidente, Me\u00a0Elena Lopez, tr\u00e9sori\u00e8re, Me\u00a0\u00c9lise Nallet-Rosado, secr\u00e9taire, Me\u00a0Louis Tonnelle, tr\u00e9sorier adjoint et charg\u00e9 des formations, Me\u00a0Julia Virone, secr\u00e9taire adjointe et responsable des r\u00e9seaux sociaux, Me\u00a0Manon Cormorand, charg\u00e9e des formations adjointe. Les autres membres du bureau sont Me\u00a0Albane Miran, Me Maxime Furnon et Me\u00a0Mathilde Ghelma.<\/p>\n","protected":false},"excerpt":{"rendered":"Depuis le 1er\u00a0janvier dernier, Me\u00a0Thomas Mousseau-Swiercz, 31\u00a0ans, a pris ses fonctions de pr\u00e9sident de l\u2019Union des jeunes avocats&hellip;\n","protected":false},"author":2,"featured_media":651910,"comment_status":"","ping_status":"","sticky":false,"template":"","format":"standard","meta":{"footnotes":""},"categories":[9566],"tags":[1111,11,2430,1777,674,1011,27,2731,12,25],"class_list":{"0":"post-651909","1":"post","2":"type-post","3":"status-publish","4":"format-standard","5":"has-post-thumbnail","7":"category-grenoble","8":"tag-actu","9":"tag-actualites","10":"tag-auvergne-rhone-alpes","11":"tag-eu","12":"tag-europe","13":"tag-fr","14":"tag-france","15":"tag-grenoble","16":"tag-news","17":"tag-republique-francaise"},"share_on_mastodon":{"url":"https:\/\/pubeurope.com\/@fr\/115865770093443643","error":""},"_links":{"self":[{"href":"https:\/\/www.europesays.com\/fr\/wp-json\/wp\/v2\/posts\/651909","targetHints":{"allow":["GET"]}}],"collection":[{"href":"https:\/\/www.europesays.com\/fr\/wp-json\/wp\/v2\/posts"}],"about":[{"href":"https:\/\/www.europesays.com\/fr\/wp-json\/wp\/v2\/types\/post"}],"author":[{"embeddable":true,"href":"https:\/\/www.europesays.com\/fr\/wp-json\/wp\/v2\/users\/2"}],"replies":[{"embeddable":true,"href":"https:\/\/www.europesays.com\/fr\/wp-json\/wp\/v2\/comments?post=651909"}],"version-history":[{"count":0,"href":"https:\/\/www.europesays.com\/fr\/wp-json\/wp\/v2\/posts\/651909\/revisions"}],"wp:featuredmedia":[{"embeddable":true,"href":"https:\/\/www.europesays.com\/fr\/wp-json\/wp\/v2\/media\/651910"}],"wp:attachment":[{"href":"https:\/\/www.europesays.com\/fr\/wp-json\/wp\/v2\/media?parent=651909"}],"wp:term":[{"taxonomy":"category","embeddable":true,"href":"https:\/\/www.europesays.com\/fr\/wp-json\/wp\/v2\/categories?post=651909"},{"taxonomy":"post_tag","embeddable":true,"href":"https:\/\/www.europesays.com\/fr\/wp-json\/wp\/v2\/tags?post=651909"}],"curies":[{"name":"wp","href":"https:\/\/api.w.org\/{rel}","templated":true}]}}