{"id":651911,"date":"2026-01-09T15:08:22","date_gmt":"2026-01-09T15:08:22","guid":{"rendered":"https:\/\/www.europesays.com\/fr\/651911\/"},"modified":"2026-01-09T15:08:22","modified_gmt":"2026-01-09T15:08:22","slug":"pro-d2-on-a-ete-domines-dans-tous-les-domaines-constate-eric-escande-grenoble","status":"publish","type":"post","link":"https:\/\/www.europesays.com\/fr\/651911\/","title":{"rendered":"Pro D2 &#8211; \u00ab\u00a0On a \u00e9t\u00e9 domin\u00e9s dans tous les domaines\u00a0\u00bb, constate \u00c9ric Escande (Grenoble)"},"content":{"rendered":"<p>\n                Apr\u00e8s la lourde d\u00e9faite de Grenoble sur la pelouse de Provence Rugby (45-15), le demi de m\u00eal\u00e9e is\u00e9rois \u00c9ric Escande a point\u00e9 le manque de confiance de son \u00e9quipe.\n            <\/p>\n<p><strong>Comment analysez-vous cette lourde d\u00e9faite ce soir face \u00e0 Provence Rugby ?<\/strong><\/p>\n<p>Oui, c&rsquo;est tr\u00e8s s\u00e9v\u00e8re ! Mais il faut rester positif entre nous. Mais, il faut \u00eatre clair aussi Provence rugby a \u00e9t\u00e9 meilleur que nous dans tous les domaines et nous avons \u00e9t\u00e9 domin\u00e9s ! Il n&rsquo;y a pas eu photo ce soir, ils m\u00e9ritent largement leur victoire.<\/p>\n<p><strong>Il y a un gros \u00e9cart ce soir entre les deux \u00e9quipes ?<\/strong><\/p>\n<p>Oui c&rsquo;est clair ! On a \u00e9t\u00e9 domin\u00e9s en conqu\u00eate, on a manqu\u00e9 de pr\u00e9cision \u00e9galement, on n&rsquo;a pas \u00e9t\u00e9 bons en d\u00e9fense, c&rsquo;est un match o\u00f9 rien ou pas grand-chose n&rsquo;ont fonctionn\u00e9. Donc, c&rsquo;est une mauvaise soir\u00e9e, c&rsquo;est \u00e9vident ! Le score refl\u00e8te le match !<\/p>\n<p><strong>Il va falloir vite r\u00e9agir pour remonter la pente ?<\/strong><\/p>\n<p>Oui, forc\u00e9ment, il faut vite r\u00e9agir, on a deux r\u00e9ceptions qui arrivent et on s&rsquo;est dit dans les vestiaires qu&rsquo;il fallait \u00e0 tout prix r\u00e9agir. On est des grands gar\u00e7ons mais ce n&rsquo;est jamais facile de perdre ce genre de match comme \u00e7a avec cette ampleur dans le score.<\/p>\n<p><strong>Vous aviez cependant des intentions<\/strong><strong> avant ce d\u00e9placement ?<\/strong><\/p>\n<p>Oui, malgr\u00e9 tout on met des intentions dans notre jeu, on a essay\u00e9 mais on manque de pr\u00e9cision, on tombe des ballons quand il ne faut pas. Derri\u00e8re, on est indisciplin\u00e9s et quand tu es brouillon contre des \u00e9quipes comme Provence rugby, tu es rapidement d\u00e9pass\u00e9 et on l&rsquo;a \u00e9t\u00e9 ce soir donc il faut vite rectifier le tir collectivement.<\/p>\n<p><strong>Vous pensez que vous manquez de confiance ?<\/strong><\/p>\n<p>C&rsquo;est une \u00e9vidence. On manque aussi, je le r\u00e9p\u00e8te de pr\u00e9cision, on va tous en parler cette semaine dans le vestiaire pour repartir sur de bonnes bases. Je trouve aussi que l&rsquo;on manque de liant dans le jeu mais c&rsquo;est d\u00fb sans doute \u00e0 un manque de confiance. Il faut que l&rsquo;on trouve des solutions rapidement pour remonter la pente.<\/p>\n","protected":false},"excerpt":{"rendered":"Apr\u00e8s la lourde d\u00e9faite de Grenoble sur la pelouse de Provence Rugby (45-15), le demi de m\u00eal\u00e9e is\u00e9rois&hellip;\n","protected":false},"author":2,"featured_media":651912,"comment_status":"","ping_status":"","sticky":false,"template":"","format":"standard","meta":{"footnotes":""},"categories":[9566],"tags":[1111,11,2430,75600,1777,674,1011,27,2731,12,2308,25,68796],"class_list":{"0":"post-651911","1":"post","2":"type-post","3":"status-publish","4":"format-standard","5":"has-post-thumbnail","7":"category-grenoble","8":"tag-actu","9":"tag-actualites","10":"tag-auvergne-rhone-alpes","11":"tag-eric-escande","12":"tag-eu","13":"tag-europe","14":"tag-fr","15":"tag-france","16":"tag-grenoble","17":"tag-news","18":"tag-pro-d2","19":"tag-republique-francaise","20":"tag-rugby-u00e0-xv"},"share_on_mastodon":{"url":"https:\/\/pubeurope.com\/@fr\/115865774005883495","error":""},"_links":{"self":[{"href":"https:\/\/www.europesays.com\/fr\/wp-json\/wp\/v2\/posts\/651911","targetHints":{"allow":["GET"]}}],"collection":[{"href":"https:\/\/www.europesays.com\/fr\/wp-json\/wp\/v2\/posts"}],"about":[{"href":"https:\/\/www.europesays.com\/fr\/wp-json\/wp\/v2\/types\/post"}],"author":[{"embeddable":true,"href":"https:\/\/www.europesays.com\/fr\/wp-json\/wp\/v2\/users\/2"}],"replies":[{"embeddable":true,"href":"https:\/\/www.europesays.com\/fr\/wp-json\/wp\/v2\/comments?post=651911"}],"version-history":[{"count":0,"href":"https:\/\/www.europesays.com\/fr\/wp-json\/wp\/v2\/posts\/651911\/revisions"}],"wp:featuredmedia":[{"embeddable":true,"href":"https:\/\/www.europesays.com\/fr\/wp-json\/wp\/v2\/media\/651912"}],"wp:attachment":[{"href":"https:\/\/www.europesays.com\/fr\/wp-json\/wp\/v2\/media?parent=651911"}],"wp:term":[{"taxonomy":"category","embeddable":true,"href":"https:\/\/www.europesays.com\/fr\/wp-json\/wp\/v2\/categories?post=651911"},{"taxonomy":"post_tag","embeddable":true,"href":"https:\/\/www.europesays.com\/fr\/wp-json\/wp\/v2\/tags?post=651911"}],"curies":[{"name":"wp","href":"https:\/\/api.w.org\/{rel}","templated":true}]}}