{"id":651913,"date":"2026-01-09T15:09:10","date_gmt":"2026-01-09T15:09:10","guid":{"rendered":"https:\/\/www.europesays.com\/fr\/651913\/"},"modified":"2026-01-09T15:09:10","modified_gmt":"2026-01-09T15:09:10","slug":"une-commune-plongee-dans-le-noir-au-sud-de-rennes-des-milliers-de-foyers-ont-ete-prives-delectricite-apres-la-tempete-goretti","status":"publish","type":"post","link":"https:\/\/www.europesays.com\/fr\/651913\/","title":{"rendered":"Une commune plong\u00e9e dans le noir\u00a0: au sud de Rennes, des milliers de foyers ont \u00e9t\u00e9 priv\u00e9s d\u2019\u00e9lectricit\u00e9 apr\u00e8s la temp\u00eate Goretti"},"content":{"rendered":"<p>En attente des raisons de la panne<\/p>\n<p>\u00ab Il y a eu une panne sur quatre postes d\u2019alimentation dont trois qui alimentent la ville, pr\u00e9cise St\u00e9phane Gu\u00e9ret le maire de Noyal-Ch\u00e2tillon-sur-Seiche. Cela serait \u00e0 cause du vent qu\u2019il y a eu cette nuit. Mais Enedis ne nous a pas encore donn\u00e9 les raisons exactes de cette panne. Nous sommes dans l\u2019attente \u00bb. Dans la nuit, une premi\u00e8re coupure a eu lieu entre 3 heures et 5 heures du matin avant qu\u2019une nouvelle panne g\u00e9n\u00e9rale survienne \u00e0 10 heures.<\/p>\n<p>Une commune enti\u00e8re dans le noir<\/p>\n<p>Au total, ce sont les 4 000 foyers de la commune qui n\u2019avaient plus d\u2019\u00e9lectricit\u00e9. Selon le maire de Noyal-Ch\u00e2tillon-sur-Seiche, la commune voisine de Saint-Erblon, aliment\u00e9e par la m\u00eame station \u00e9lectrique, a elle aussi \u00e9t\u00e9 impact\u00e9e. Autour de ces communes, nous avons pu constater, <a href=\"https:\/\/www.enedis.fr\/resultat-panne-interruption?adresse=Noyal-Ch%C3%A2tillon-sur-Seiche&amp;insee=35206&amp;long=-1.661689&amp;lat=48.055861&amp;type=municipality&amp;CPVille=Noyal-Ch%C3%A2tillon-sur-Seiche+35230&amp;street=&amp;name=Noyal-Ch%C3%A2tillon-sur-Seiche&amp;departement=35&amp;district=&amp;city=Noyal-Ch%C3%A2tillon-sur-Seiche\" target=\"_blank\" rel=\"noopener\">sur le site d\u2019Enedis<\/a>, qu\u2019une partie ouest de la commune de Chantepie \u00e9tait touch\u00e9e mais aussi des foyers \u00e0 Vern-sur-Seiche, \u00e0 Laill\u00e9, Pont-P\u00e9an ou encore Chartres-de-Bretagne. <\/p>\n<p>Les \u00e9quipes d\u2019ENEDIS mobilis\u00e9es ont pu r\u00e9alimenter une partie des logements \u00e0 partir de 11 heures. Sur la commune de Noyal-Ch\u00e2tillon-sur-Seiche, \u00e0 14 heures, 92 logements, principalement en campagne, n\u2019ont toujours pas d\u2019\u00e9lectricit\u00e9.<\/p>\n","protected":false},"excerpt":{"rendered":"En attente des raisons de la panne \u00ab Il y a eu une panne sur quatre postes d\u2019alimentation&hellip;\n","protected":false},"author":2,"featured_media":651914,"comment_status":"","ping_status":"","sticky":false,"template":"","format":"standard","meta":{"footnotes":""},"categories":[2821],"tags":[1111,11,829,765,1777,674,1011,27,848,2487,21570,12,584,25,7747],"class_list":{"0":"post-651913","1":"post","2":"type-post","3":"status-publish","4":"format-standard","5":"has-post-thumbnail","7":"category-rennes","8":"tag-actu","9":"tag-actualites","10":"tag-bretagne","11":"tag-en-continu","12":"tag-eu","13":"tag-europe","14":"tag-fr","15":"tag-france","16":"tag-ille-et-vilaine","17":"tag-meteo","18":"tag-meteo-en-bretagne","19":"tag-news","20":"tag-rennes","21":"tag-republique-francaise","22":"tag-tempete"},"share_on_mastodon":{"url":"https:\/\/pubeurope.com\/@fr\/115865777967547226","error":""},"_links":{"self":[{"href":"https:\/\/www.europesays.com\/fr\/wp-json\/wp\/v2\/posts\/651913","targetHints":{"allow":["GET"]}}],"collection":[{"href":"https:\/\/www.europesays.com\/fr\/wp-json\/wp\/v2\/posts"}],"about":[{"href":"https:\/\/www.europesays.com\/fr\/wp-json\/wp\/v2\/types\/post"}],"author":[{"embeddable":true,"href":"https:\/\/www.europesays.com\/fr\/wp-json\/wp\/v2\/users\/2"}],"replies":[{"embeddable":true,"href":"https:\/\/www.europesays.com\/fr\/wp-json\/wp\/v2\/comments?post=651913"}],"version-history":[{"count":0,"href":"https:\/\/www.europesays.com\/fr\/wp-json\/wp\/v2\/posts\/651913\/revisions"}],"wp:featuredmedia":[{"embeddable":true,"href":"https:\/\/www.europesays.com\/fr\/wp-json\/wp\/v2\/media\/651914"}],"wp:attachment":[{"href":"https:\/\/www.europesays.com\/fr\/wp-json\/wp\/v2\/media?parent=651913"}],"wp:term":[{"taxonomy":"category","embeddable":true,"href":"https:\/\/www.europesays.com\/fr\/wp-json\/wp\/v2\/categories?post=651913"},{"taxonomy":"post_tag","embeddable":true,"href":"https:\/\/www.europesays.com\/fr\/wp-json\/wp\/v2\/tags?post=651913"}],"curies":[{"name":"wp","href":"https:\/\/api.w.org\/{rel}","templated":true}]}}