{"id":651919,"date":"2026-01-09T15:12:12","date_gmt":"2026-01-09T15:12:12","guid":{"rendered":"https:\/\/www.europesays.com\/fr\/651919\/"},"modified":"2026-01-09T15:12:12","modified_gmt":"2026-01-09T15:12:12","slug":"periph-parisien-pont-a-strasbourg-autoroutes-le-point-sur-les-blocages","status":"publish","type":"post","link":"https:\/\/www.europesays.com\/fr\/651919\/","title":{"rendered":"P\u00e9riph parisien, pont \u00e0 Strasbourg, autoroutes\u2026 Le point sur les blocages"},"content":{"rendered":"<p>La quasi-certitude d\u2019un vote en faveur de <a href=\"https:\/\/www.20minutes.fr\/economie\/mercosur\/\" class=\"c-link c-link--is-underlined\" target=\"_blank\" rel=\"noopener\">l\u2019accord entre les pays du Mercosur et l\u2019Union europ\u00e9enne<\/a> laisse un go\u00fbt amer aux agriculteurs fran\u00e7ais, mobilis\u00e9s depuis des mois contre ce trait\u00e9. Mais les blocages routiers se poursuivent ce vendredi, contre le texte europ\u00e9en mais aussi contre la politique sanitaire du gouvernement. Cons\u00e9quence\u00a0: de nombreux <a href=\"https:\/\/www.20minutes.fr\/societe\/4194795-20260107-colere-agricole-neige-va-arreter-previennent-agriculteurs-route-paris\" class=\"c-link c-link--is-underlined\" target=\"_blank\" rel=\"noopener\">blocages sur les routes<\/a>. 20 Minutes fait le point sur la situation ce vendredi.<\/p>\n<\/p>\n<p>Des autoroutes ferm\u00e9es<\/p>\n<p>Dans le <a href=\"https:\/\/www.20minutes.fr\/dossier\/nord\" class=\"c-link c-link--is-underlined\" target=\"_blank\" rel=\"noopener\">Nord<\/a>, les autoroutes A27 et A2, qui m\u00e8nent aux autoroutes belges E42 et E19, sont ferm\u00e9es depuis jeudi soir dans le sens France-Belgique, a annonc\u00e9 la pr\u00e9fecture. Sur l&rsquo;A2, \u00ab\u00a0le secteur de Valenciennes est bloqu\u00e9 depuis 20h30\u00a0\u00bb par des membres du syndicat Jeunes agriculteurs, pr\u00e9cise \u00e0 l\u2019AFP Anthime Coupet, pr\u00e9sident des JA du Nord et du <a href=\"https:\/\/www.20minutes.fr\/dossier\/pas-de-calais\" class=\"c-link c-link--is-underlined\" target=\"_blank\" rel=\"noopener\">Pas-de-Calais<\/a>, parlant d\u2019une centaine d\u2019agriculteurs franco-belges mobilis\u00e9s sur l\u2019op\u00e9ration conjointe A2-E19. \u00ab\u00a0Pour l\u2019instant on a annonc\u00e9 au pr\u00e9fet qu\u2019on bloquerait jusqu\u2019\u00e0 lundi [\u2026], on n\u2019a pas l\u2019intention de se laisser faire\u00a0\u00bb, promet-il.<\/p>\n<p>D\u2019autres routes et ponts bloqu\u00e9s<\/p>\n<p>La gendarmerie a fait \u00e9tat de plusieurs blocages routiers \u00e0 7h30, \u00e0 Beaune (Bourgogne) mais aussi en Loz\u00e8re, dans le Tarn et dans le Pays basque. L\u2019acc\u00e8s au d\u00e9p\u00f4t de carburant de Bassens, sur le port de Bordeaux, est toujours bloqu\u00e9 par des agriculteurs de la CR. L\u2019entrep\u00f4t p\u00e9trolier d\u2019Haulchin (Nord) est bloqu\u00e9 depuis vendredi matin, \u00e0 l\u2019appel de la CR avec une dizaine de tracteurs, selon Serge Guillaume, du syndicat agricole. Enfin, en Alsace, une cinquantaine de tracteurs d\u2019agriculteurs fran\u00e7ais et allemands ont bloqu\u00e9 vendredi le Pont de l\u2019Europe reliant Strasbourg \u00e0 Kehl, de l\u2019autre c\u00f4t\u00e9 du Rhin.<\/p>\n<p>Des tracteurs sur le p\u00e9riph parisien<\/p>\n<p>Avant l\u2019aube ce vendredi, plusieurs dizaines d\u2019agriculteurs de la Conf\u00e9d\u00e9ration paysanne sont entr\u00e9es sur le p\u00e9riph\u00e9rique \u00e0 l\u2019est, porte de Montreuil, avec six tracteurs. Vers 11 heures, des tracteurs \u00e9taient bloqu\u00e9s dans l\u2019ouest de Paris, porte Maillot, accompagn\u00e9s de militants de la CGT et des Soul\u00e8vements de la terre.<\/p>\n<p>\u00ab\u00a0Je pense que les blocages vont se r\u00e9sorber progressivement, que les agriculteurs qui viennent d\u2019assez loin vont vouloir l\u00e9gitimement rentrer chez eux\u00a0\u00bb, a esp\u00e9r\u00e9 jeudi soir la ministre de l\u2019Agriculture, Annie Genevard, sur BFMTV.<\/p>\n","protected":false},"excerpt":{"rendered":"La quasi-certitude d\u2019un vote en faveur de l\u2019accord entre les pays du Mercosur et l\u2019Union europ\u00e9enne laisse un&hellip;\n","protected":false},"author":2,"featured_media":651920,"comment_status":"","ping_status":"","sticky":false,"template":"","format":"standard","meta":{"footnotes":""},"categories":[2820],"tags":[1111,47,11,2572,2389,6955,2649,7551,5455,2719,1777,674,1011,27,775,811,662,2681,38543,1272,12,1308,1309,2680,626,23862,25,104,640],"class_list":{"0":"post-651919","1":"post","2":"type-post","3":"status-publish","4":"format-standard","5":"has-post-thumbnail","7":"category-strasbourg","8":"tag-actu","9":"tag-actualite","10":"tag-actualites","11":"tag-agriculteurs","12":"tag-alsace","13":"tag-autoroute","14":"tag-bas-rhin","15":"tag-blocage","16":"tag-boulevard-peripherique","17":"tag-bourgogne","18":"tag-eu","19":"tag-europe","20":"tag-fr","21":"tag-france","22":"tag-grand-est","23":"tag-hauts-de-france","24":"tag-ile-de-france","25":"tag-languedoc-roussillon","26":"tag-lozere","27":"tag-manifestations","28":"tag-news","29":"tag-nord","30":"tag-nord-pas-de-calais","31":"tag-occitanie","32":"tag-paris","33":"tag-pas-de-calais","34":"tag-republique-francaise","35":"tag-societe","36":"tag-strasbourg"},"share_on_mastodon":{"url":"https:\/\/pubeurope.com\/@fr\/115865790034622588","error":""},"_links":{"self":[{"href":"https:\/\/www.europesays.com\/fr\/wp-json\/wp\/v2\/posts\/651919","targetHints":{"allow":["GET"]}}],"collection":[{"href":"https:\/\/www.europesays.com\/fr\/wp-json\/wp\/v2\/posts"}],"about":[{"href":"https:\/\/www.europesays.com\/fr\/wp-json\/wp\/v2\/types\/post"}],"author":[{"embeddable":true,"href":"https:\/\/www.europesays.com\/fr\/wp-json\/wp\/v2\/users\/2"}],"replies":[{"embeddable":true,"href":"https:\/\/www.europesays.com\/fr\/wp-json\/wp\/v2\/comments?post=651919"}],"version-history":[{"count":0,"href":"https:\/\/www.europesays.com\/fr\/wp-json\/wp\/v2\/posts\/651919\/revisions"}],"wp:featuredmedia":[{"embeddable":true,"href":"https:\/\/www.europesays.com\/fr\/wp-json\/wp\/v2\/media\/651920"}],"wp:attachment":[{"href":"https:\/\/www.europesays.com\/fr\/wp-json\/wp\/v2\/media?parent=651919"}],"wp:term":[{"taxonomy":"category","embeddable":true,"href":"https:\/\/www.europesays.com\/fr\/wp-json\/wp\/v2\/categories?post=651919"},{"taxonomy":"post_tag","embeddable":true,"href":"https:\/\/www.europesays.com\/fr\/wp-json\/wp\/v2\/tags?post=651919"}],"curies":[{"name":"wp","href":"https:\/\/api.w.org\/{rel}","templated":true}]}}