{"id":651931,"date":"2026-01-09T15:19:09","date_gmt":"2026-01-09T15:19:09","guid":{"rendered":"https:\/\/www.europesays.com\/fr\/651931\/"},"modified":"2026-01-09T15:19:09","modified_gmt":"2026-01-09T15:19:09","slug":"organiser-son-mariage-sans-stresser-ce-salon-a-toulouse-ce-week-end-est-la-solution","status":"publish","type":"post","link":"https:\/\/www.europesays.com\/fr\/651931\/","title":{"rendered":"Organiser son mariage sans stresser ? Ce salon \u00e0 Toulouse ce week-end est la solution"},"content":{"rendered":"<p>                    Par<br \/>\n        <strong><br \/>\n            <a href=\"https:\/\/actu.fr\/auteur\/anaelle-petit\" title=\"Consulter tous les articles de Ana\u00eblle Petit\" target=\"_blank\" rel=\"noopener\">Ana\u00eblle Petit<\/a><br \/>\n                    <\/strong><\/p>\n<p>        Publi\u00e9 le<\/p>\n<p>            9 janv. 2026 \u00e0 13h08        <\/p>\n<p>Pendant deux jours, le salon du mariage de <a href=\"https:\/\/actu.fr\/toulouse\/\" target=\"_blank\" rel=\"noopener\">Toulouse<\/a> va rassembler <strong>plus de 120 prestataires<\/strong>, \u00e0 partir de ce samedi 10 janvier.\u00a0Des domaines de r\u00e9ceptions, aux photographes en passant par les solutions d\u2019animations pour les enfants, tout est pr\u00e9vu pour organiser son mariage de A \u00e0 Z sans stresser. C\u2019est aussi l\u2019occasion de d\u00e9couvrir<strong> les multiples fa\u00e7ons de se dire \u201coui\u201d<\/strong>, des plus traditionnelles aux plus originales.<\/p>\n<p>Des \u00ab\u00a0villages\u201d pour trouver son prestataire<\/p>\n<p class=\" wall-content\">Le salon fonctionne comme une sorte de guichet unique pour organiser son mariage. L\u2019id\u00e9e\u2009? Permettre aux futurs mari\u00e9s de<strong> d\u00e9nicher les bons prestataires<\/strong> pour leur journ\u00e9e, et tout \u00e7a, <strong>au m\u00eame endroit<\/strong>.<\/p>\n<p class=\" wall-content\"><strong>Plus de 120\u00a0exposants<\/strong> de tous les domaines seront regroup\u00e9s <strong>sous forme de \u201cvillages\u201d<\/strong> par cat\u00e9gories. Habituellement, il faut compter en moyenne 1 an et demi pour pr\u00e9parer son mariage.<\/p>\n<p>Plus de 500 robes et costumes<\/p>\n<p class=\" wall-content\"><strong>Trois d\u00e9fil\u00e9s <\/strong>auront lieu chaque jour \u00e0 11\u2009h, 15\u2009h et 17\u2009h\u200930<strong>.<\/strong> Il sera alors possible d\u2019admirer <strong>plus de 500 robes et costumes<\/strong> de cr\u00e9ateurs tels que Demetrios, Rosa Clara, Atelier Emelia, et bien d\u2019autres\u2026<\/p>\n<p class=\" wall-content\">Les futurs \u00e9poux pourront aussi concocter leur menu de mariage avec un espace de d\u00e9gustation d\u00e9di\u00e9 et <strong>des shows culinaires<\/strong>. Le village des alliances quant \u00e0 lui, r\u00e9unira plus de<strong> 20\u2009000 mod\u00e8les d\u2019anneaux<\/strong>.<\/p>\n<p>Vid\u00e9os : en ce moment sur ActuDes artisans et cr\u00e9ateurs de la r\u00e9gion<\/p>\n<p class=\" wall-content\">S\u2019il est facile de trouver des id\u00e9es \u201ctraditionnelles\u201d au salon du mariage, c\u2019est aussi l\u2019occasion de <strong>d\u00e9nicher <a href=\"https:\/\/actu.fr\/occitanie\/buzet-sur-tarn_31094\/pres-de-toulouse-entre-soeurs-elles-transforment-cet-exceptionnel-chateau-en-un-domaine-de-reception-de-luxe_62876040.html\" target=\"_blank\" rel=\"noopener\">une prestation originale<\/a><\/strong> pour marquer les invit\u00e9s. Une cabine de t\u00e9l\u00e9phone pour faire<strong> un livre d\u2019or audio<\/strong>\u2009? C\u2019est ce que propose par exemple <strong>Combi Occitanie<\/strong> pr\u00e9sent sur le salon.<\/p>\n<p class=\" wall-content\">C\u00f4t\u00e9 vin d\u2019honneur, <strong>Beer\u2019n Combi<\/strong> met en place <strong>un bar \u00e0 bi\u00e8re dans un embl\u00e9matique Combi Volkswagen<\/strong> pour offrir un c\u00f4t\u00e9 r\u00e9tro avec diverses vari\u00e9t\u00e9s de bi\u00e8re, de softs, de cidre et de punch.\u00a0Autre trouvaille peu commune\u2009: <strong>une bo\u00eete de nuit transportable<\/strong>. L\u2019entreprise <strong>Pocket Club<\/strong> sera pr\u00e9sente pour proposer cette id\u00e9e originale\u2009: un espace de 2m2 avec musique, lumi\u00e8re, photo booth int\u00e9gr\u00e9\u2026 \u00e0 poser sur le lieu de r\u00e9ception.<\/p>\n<p>Votre r\u00e9gion, votre actu !<\/p>\n<p>Recevez chaque jour les infos qui comptent pour vous.<\/p>\n<p>\t<a href=\"https:\/\/actu.fr\/newsletter\" class=\"ac-btn ac-btn--corner ac-btn--medium ac-btn--blue800\" target=\"_blank\" rel=\"noopener\">S&rsquo;incrire<\/a><\/p>\n<p class=\" wall-content\">Enfin, <strong>l\u2019espace Tend\u2019m<\/strong> sera l\u00e0 pour les amoureux qui souhaitent miser sur le local. <strong>Des artisans et cr\u00e9ateurs de la r\u00e9gion<\/strong> pr\u00e9senteront leurs cr\u00e9ations pour un mariage unique.<\/p>\n<p>Une garderie pour les enfants sur le salon<\/p>\n<p class=\" wall-content\">Le salon du Mariage sera ouvert <strong>de 10\u2009h \u00e0 19\u2009h le samedi et le dimanche<\/strong>. Le billet d\u2019entr\u00e9e est \u00e0 <strong>10\u00a0\u20ac sur place, 5,99\u00a0\u20ac en r\u00e9servant en ligne<\/strong>. Et pour profiter du moment sans enfants,<strong> un espace garderie<\/strong> sera propos\u00e9 gratuitement avec des animateurs agr\u00e9\u00e9s.<\/p>\n<p>Pour r\u00e9server son billet\u2009: <a href=\"https:\/\/www.maisondumariage.com\/evenement\/salon-du-mariage-de-toulouse#billetterie\" target=\"_blank\" rel=\"noopener\">ICI<\/a><br \/>\nSamedi\u00a010\/01 et dimanche\u00a011\/01 au MEETT<br \/>\nDe 10\u2009h \u00e0 19\u2009h<\/p>\n<p class=\" wall-content\">Personnalisez votre actualit\u00e9 en ajoutant vos villes et m\u00e9dias en favori avec <a href=\"https:\/\/moncompte.actu.fr\" title=\"D\u00e9couvez Mon Actu\" rel=\"nofollow noopener\" data-trk=\"{&quot;cta&quot;:{&quot;action&quot;:&quot;https:\\\/\\\/moncompte.actu.fr&quot;,&quot;category&quot;:&quot;mon compte&quot;,&quot;from&quot;:&quot;article footer&quot;,&quot;name&quot;:&quot;Mon actu&quot;,&quot;type&quot;:&quot;cta&quot;}}\" target=\"_blank\">Mon Actu<\/a>.<\/p>\n","protected":false},"excerpt":{"rendered":"Par Ana\u00eblle Petit Publi\u00e9 le 9 janv. 2026 \u00e0 13h08 Pendant deux jours, le salon du mariage de&hellip;\n","protected":false},"author":2,"featured_media":651932,"comment_status":"","ping_status":"","sticky":false,"template":"","format":"standard","meta":{"footnotes":""},"categories":[2816],"tags":[1111,11,1777,674,1011,27,1930,12,2680,8824,25,104,2312],"class_list":{"0":"post-651931","1":"post","2":"type-post","3":"status-publish","4":"format-standard","5":"has-post-thumbnail","7":"category-toulouse","8":"tag-actu","9":"tag-actualites","10":"tag-eu","11":"tag-europe","12":"tag-fr","13":"tag-france","14":"tag-mariage","15":"tag-news","16":"tag-occitanie","17":"tag-parc-des-expositions-de-toulouse","18":"tag-republique-francaise","19":"tag-societe","20":"tag-toulouse"},"share_on_mastodon":{"url":"https:\/\/pubeurope.com\/@fr\/115865817204240330","error":""},"_links":{"self":[{"href":"https:\/\/www.europesays.com\/fr\/wp-json\/wp\/v2\/posts\/651931","targetHints":{"allow":["GET"]}}],"collection":[{"href":"https:\/\/www.europesays.com\/fr\/wp-json\/wp\/v2\/posts"}],"about":[{"href":"https:\/\/www.europesays.com\/fr\/wp-json\/wp\/v2\/types\/post"}],"author":[{"embeddable":true,"href":"https:\/\/www.europesays.com\/fr\/wp-json\/wp\/v2\/users\/2"}],"replies":[{"embeddable":true,"href":"https:\/\/www.europesays.com\/fr\/wp-json\/wp\/v2\/comments?post=651931"}],"version-history":[{"count":0,"href":"https:\/\/www.europesays.com\/fr\/wp-json\/wp\/v2\/posts\/651931\/revisions"}],"wp:featuredmedia":[{"embeddable":true,"href":"https:\/\/www.europesays.com\/fr\/wp-json\/wp\/v2\/media\/651932"}],"wp:attachment":[{"href":"https:\/\/www.europesays.com\/fr\/wp-json\/wp\/v2\/media?parent=651931"}],"wp:term":[{"taxonomy":"category","embeddable":true,"href":"https:\/\/www.europesays.com\/fr\/wp-json\/wp\/v2\/categories?post=651931"},{"taxonomy":"post_tag","embeddable":true,"href":"https:\/\/www.europesays.com\/fr\/wp-json\/wp\/v2\/tags?post=651931"}],"curies":[{"name":"wp","href":"https:\/\/api.w.org\/{rel}","templated":true}]}}