{"id":651937,"date":"2026-01-09T15:22:12","date_gmt":"2026-01-09T15:22:12","guid":{"rendered":"https:\/\/www.europesays.com\/fr\/651937\/"},"modified":"2026-01-09T15:22:12","modified_gmt":"2026-01-09T15:22:12","slug":"coupe-de-france-lol-misera-sur-son-atout-endrick-dimanche-soir-a-lille","status":"publish","type":"post","link":"https:\/\/www.europesays.com\/fr\/651937\/","title":{"rendered":"Coupe de France. L&rsquo;OL misera sur son atout Endrick dimanche soir \u00e0 Lille"},"content":{"rendered":"<p>L&rsquo;Olympique lyonnais pr\u00e9pare son 16e de finale de Coupe de France pr\u00e9vu dimanche soir, \u00e0 21 heures, \u00e0 Lille. L&rsquo;entra\u00eeneur <a href=\"https:\/\/www.leprogres.fr\/p\/paulo-fonseca\" target=\"_blank\" rel=\"noopener\">Paulo Fonseca<\/a> ne pourra toujours pas compter sur <a href=\"https:\/\/www.leprogres.fr\/p\/malick-fofana\" target=\"_blank\" rel=\"noopener\">Malick Fofana<\/a> et <a href=\"https:\/\/www.leprogres.fr\/p\/ernest-nuamah-footballeur-international-ghaneen\" target=\"_blank\" rel=\"noopener\">Ernest Nuamah<\/a> encore convalescents. Et Vinicius <a href=\"https:\/\/www.leprogres.fr\/p\/abner-vinicius\" target=\"_blank\" rel=\"noopener\">Abner<\/a> qui n&rsquo;a pas pris part \u00e0 l&rsquo;entra\u00eenement du jour, puisqu&rsquo;il est malade, est incertain.<\/p>\n<p>Par contre, il y a un \u00e9l\u00e9ment majeur\u00a0: la recrue br\u00e9silienne <a href=\"https:\/\/www.leprogres.fr\/p\/endrick\" target=\"_blank\" rel=\"noopener\">Endrick<\/a> sera pr\u00e9sente dans le groupe lyonnais. Il est peu dire que l&rsquo;OL compte sur lui sur le plan offensif.<\/p>\n<p>  Endrick peut-il commencer le match\u00a0?<\/p>\n<p>Paulo Fonseca est rest\u00e9 prudent sur le temps qu&rsquo;il accordera au jeune br\u00e9silien\u00a0: \u00ab Endrick est bien physiquement. Il a fait tous les entra\u00eenements. Pour \u00eatre honnete, je ne sais pas s&rsquo;il va d\u00e9marrer le match. Pour faire 90 minutes, ce sera difficile. Mais il jouera quelques minutes. \u00bb<\/p>\n<p>Il y a deux \u00e9coles sur le sujet. La perle br\u00e9silienne doit-elle commencer la match \u00e0 Lille\u00a0? \u00ab Il a besoin de conna\u00eetre notre fa\u00e7on de jouer. Il commence \u00e0 comprendre ce que nous voulons faire dans les phases offensives et d\u00e9fensives\u00a0\u00bb, a indiqu\u00e9 Paulo Fonseca. Cela ne suffit pas \u00e0 en d\u00e9duire qu&rsquo;il sera titulaire dimanche.<\/p>\n<p>Mais bon, sa seule pr\u00e9sence est d\u00e9j\u00e0 <a href=\"https:\/\/www.leprogres.fr\/sport\/2026\/01\/02\/le-calibre-du-joueur-genere-un-gros-engouement-endrick-a-deja-tous-les-supporters-de-l-ol-derriere-lui\" target=\"_blank\" rel=\"noopener\">un \u00e9v\u00e8nement, tant l&rsquo;attente est \u00e9norme<\/a>. Reste effectivement \u00e0 savoir \u00e0 quel moment l&rsquo;utiliser devant Lille. Ne serait-ce que pour perturber les plans lillois sur cette 8e confrontation pour le compte des coupes nationales entre les deux clubs. L&rsquo;intox a t-elle comm\u00e9nc\u00e9\u00a0?\u00a0<\/p>\n","protected":false},"excerpt":{"rendered":"L&rsquo;Olympique lyonnais pr\u00e9pare son 16e de finale de Coupe de France pr\u00e9vu dimanche soir, \u00e0 21 heures, \u00e0&hellip;\n","protected":false},"author":2,"featured_media":651938,"comment_status":"","ping_status":"","sticky":false,"template":"","format":"standard","meta":{"footnotes":""},"categories":[2815],"tags":[1111,11,2757,1777,674,63,1011,27,811,1307,2428,12,2755,25,2429,517],"class_list":{"0":"post-651937","1":"post","2":"type-post","3":"status-publish","4":"format-standard","5":"has-post-thumbnail","7":"category-lille","8":"tag-actu","9":"tag-actualites","10":"tag-edition-lyon-villeurbanne","11":"tag-eu","12":"tag-europe","13":"tag-football","14":"tag-fr","15":"tag-france","16":"tag-hauts-de-france","17":"tag-lille","18":"tag-lyon","19":"tag-news","20":"tag-ol-olympique-lyonnais-football","21":"tag-republique-francaise","22":"tag-rhone","23":"tag-sport"},"share_on_mastodon":{"url":"https:\/\/pubeurope.com\/@fr\/115865828949390691","error":""},"_links":{"self":[{"href":"https:\/\/www.europesays.com\/fr\/wp-json\/wp\/v2\/posts\/651937","targetHints":{"allow":["GET"]}}],"collection":[{"href":"https:\/\/www.europesays.com\/fr\/wp-json\/wp\/v2\/posts"}],"about":[{"href":"https:\/\/www.europesays.com\/fr\/wp-json\/wp\/v2\/types\/post"}],"author":[{"embeddable":true,"href":"https:\/\/www.europesays.com\/fr\/wp-json\/wp\/v2\/users\/2"}],"replies":[{"embeddable":true,"href":"https:\/\/www.europesays.com\/fr\/wp-json\/wp\/v2\/comments?post=651937"}],"version-history":[{"count":0,"href":"https:\/\/www.europesays.com\/fr\/wp-json\/wp\/v2\/posts\/651937\/revisions"}],"wp:featuredmedia":[{"embeddable":true,"href":"https:\/\/www.europesays.com\/fr\/wp-json\/wp\/v2\/media\/651938"}],"wp:attachment":[{"href":"https:\/\/www.europesays.com\/fr\/wp-json\/wp\/v2\/media?parent=651937"}],"wp:term":[{"taxonomy":"category","embeddable":true,"href":"https:\/\/www.europesays.com\/fr\/wp-json\/wp\/v2\/categories?post=651937"},{"taxonomy":"post_tag","embeddable":true,"href":"https:\/\/www.europesays.com\/fr\/wp-json\/wp\/v2\/tags?post=651937"}],"curies":[{"name":"wp","href":"https:\/\/api.w.org\/{rel}","templated":true}]}}