{"id":651939,"date":"2026-01-09T15:23:09","date_gmt":"2026-01-09T15:23:09","guid":{"rendered":"https:\/\/www.europesays.com\/fr\/651939\/"},"modified":"2026-01-09T15:23:09","modified_gmt":"2026-01-09T15:23:09","slug":"deux-blesses-dont-un-grave-4","status":"publish","type":"post","link":"https:\/\/www.europesays.com\/fr\/651939\/","title":{"rendered":"deux bless\u00e9s dont un grave"},"content":{"rendered":"<p>                    Par<br \/>\n        <strong><br \/>\n            <a href=\"https:\/\/actu.fr\/auteur\/fabien-binacchi\" title=\"Consulter tous les articles de Fabien Binacchi\" target=\"_blank\" rel=\"noopener\">Fabien Binacchi<\/a><br \/>\n                    <\/strong><\/p>\n<p>        Publi\u00e9 le<\/p>\n<p>            9 janv. 2026 \u00e0 11h58        <\/p>\n<p>Les faits se sont d\u00e9roul\u00e9s dans la matin\u00e9e, ce vendredi 9\u00a0janvier 2026. Un d\u00e9tenu \u00e2g\u00e9 de 23\u00a0ans de la prison d\u2019Aix-Luynes (<a href=\"https:\/\/actu.fr\/provence-alpes-cote-d-azur\/bouches-du-rhone_13\" target=\"_blank\" rel=\"noopener\">Bouches-du-Rh\u00f4ne<\/a>), pr\u00e8s de <a href=\"https:\/\/actu.fr\/marseille\/\" target=\"_blank\" rel=\"noopener\">Marseille<\/a>, s\u2019en est pris violemment \u00e0 trois surveillants. Deux ont \u00e9t\u00e9 bless\u00e9s, <strong>dont un gravement,<\/strong> a-t-on appris aupr\u00e8s de l\u2019administration p\u00e9nitentiaire et de la pr\u00e9fecture de police.<\/p>\n<p>Un agent bless\u00e9 s\u00e9rieusement au cou<\/p>\n<p class=\" wall-content\">Selon les premiers \u00e9l\u00e9ments, l\u2019agression s\u2019est d\u00e9roul\u00e9e vers 8h lors d\u2019un entretien dans un bureau. Le prisonnier s\u2019est attaqu\u00e9 \u00e0 deux agents avant qu\u2019<strong>un troisi\u00e8me puisse intervenir et r\u00e9ussir \u00e0 le ma\u00eetriser.<\/strong><\/p>\n<p class=\" wall-content\">Un des surveillants a \u00e9t\u00e9 plus s\u00e9rieusement touch\u00e9, au niveau du cou, a-t-on encore pr\u00e9cis\u00e9 du c\u00f4t\u00e9 de l\u2019administration p\u00e9nitentiaire et de la pr\u00e9fecture de police.<\/p>\n<p class=\" wall-content\">\u00ab\u2009Le d\u00e9tenu a saisi <strong>une paire de ciseaux<\/strong> sur le bureau et a agress\u00e9 un surveillant\u2009\u00bb, a \u00e9galement indiqu\u00e9 une source syndicale. Selon plusieurs sources, ce prisonnier de nationalit\u00e9 fran\u00e7aise est incarc\u00e9r\u00e9 depuis avril 2024 et avait \u00e9t\u00e9 transf\u00e9r\u00e9 \u00e0 Aix-Luynes en avril 2025, apr\u00e8s des faits de violences dans d\u2019autres \u00e9tablissements.<\/p>\n<p>\u00ab\u2009Leurs jours ne sont pas en danger\u2009\u00bb<\/p>\n<p class=\" wall-content\">Les bless\u00e9s \u00ab\u2009ont \u00e9t\u00e9 imm\u00e9diatement pris en charge par les secours et leurs vies ne sont pas en danger\u2009\u00bb, a rassur\u00e9 le ministre de la Justice G\u00e9rald Darmanin, sur X.<\/p>\n<blockquote class=\"ac-article-quote wall-content\">\n<p>Mes pens\u00e9es vont aux agents, \u00e0 leurs coll\u00e8gues et \u00e0 leurs familles. Mon soutien est total et inconditionnel aux agents p\u00e9nitentiaires qui exercent une mission dangereuse avec beaucoup de courage et d\u2019humanit\u00e9.<\/p>\n<p>    <strong>G\u00e9rald Darmanin<\/strong><br \/>\n        Garde des Sceaux    <\/p><\/blockquote>\n<p class=\" wall-content\">Le pr\u00e9fet des Bouches-du-Rh\u00f4ne s\u2019est rendu <strong>sur place. <\/strong>Jacques Witkowski \u00ab\u2009condamne avec la plus grande fermet\u00e9 cette agression violente et r\u00e9affirme tout son soutien \u00e0 l\u2019ensemble des fonctionnaires p\u00e9nitentiaires engag\u00e9s avec force et courage dans leur difficile et n\u00e9cessaire mission\u2009\u00bb, ont fait savoir les services de l\u2019\u00c9tat, \u00e9galement sur X.<\/p>\n<p>Votre r\u00e9gion, votre actu !<\/p>\n<p>Recevez chaque jour les infos qui comptent pour vous.<\/p>\n<p>\t<a href=\"https:\/\/actu.fr\/newsletter\" class=\"ac-btn ac-btn--corner ac-btn--medium ac-btn--blue800\" target=\"_blank\" rel=\"noopener\">S&rsquo;incrire<\/a><br \/>\nUne suroccupation de 150%<\/p>\n<p class=\" wall-content\">La situation est particuli\u00e8rement critique dans les maisons d\u2019arr\u00eat, courtes peines ou personnes en attente de jugement, comme celle d\u2019Aix-Luynes o\u00f9 se sont multipli\u00e9s ces derni\u00e8res ann\u00e9es les incidents, dont des violences entre d\u00e9tenus.<\/p>\n<p class=\" wall-content\">Luynes, une des plus importantes prisons de France, est confront\u00e9e \u00e0 un taux de suroccupation moyen de 150% avec <strong>2000 d\u00e9tenus h\u00e9berg\u00e9s sur 1200 places,<\/strong> avaient alert\u00e9 les autorit\u00e9s judiciaires locales en 2024. Cette surpopulation est due en partie au narcobanditisme marseillais avec une grande partie des d\u00e9tenus qui y sont envoy\u00e9s par le tribunal correctionnel de la deuxi\u00e8me ville de France.<\/p>\n<p class=\" wall-content\"><strong>Avec AFP<\/strong><\/p>\n<p class=\" wall-content\">Personnalisez votre actualit\u00e9 en ajoutant vos villes et m\u00e9dias en favori avec <a href=\"https:\/\/moncompte.actu.fr\" title=\"D\u00e9couvez Mon Actu\" rel=\"nofollow noopener\" data-trk=\"{&quot;cta&quot;:{&quot;action&quot;:&quot;https:\\\/\\\/moncompte.actu.fr&quot;,&quot;category&quot;:&quot;mon compte&quot;,&quot;from&quot;:&quot;article footer&quot;,&quot;name&quot;:&quot;Mon actu&quot;,&quot;type&quot;:&quot;cta&quot;}}\" target=\"_blank\">Mon Actu<\/a>.<\/p>\n","protected":false},"excerpt":{"rendered":"Par Fabien Binacchi Publi\u00e9 le 9 janv. 2026 \u00e0 11h58 Les faits se sont d\u00e9roul\u00e9s dans la matin\u00e9e,&hellip;\n","protected":false},"author":2,"featured_media":651940,"comment_status":"","ping_status":"","sticky":false,"template":"","format":"standard","meta":{"footnotes":""},"categories":[2814],"tags":[1111,11,1777,674,118,1011,27,884,12,1311,899,882,25],"class_list":{"0":"post-651939","1":"post","2":"type-post","3":"status-publish","4":"format-standard","5":"has-post-thumbnail","7":"category-marseille","8":"tag-actu","9":"tag-actualites","10":"tag-eu","11":"tag-europe","12":"tag-faits-divers","13":"tag-fr","14":"tag-france","15":"tag-marseille","16":"tag-news","17":"tag-pompiers","18":"tag-prisons","19":"tag-provence-alpes-cote-dazur","20":"tag-republique-francaise"},"share_on_mastodon":{"url":"https:\/\/pubeurope.com\/@fr\/115865832911518001","error":""},"_links":{"self":[{"href":"https:\/\/www.europesays.com\/fr\/wp-json\/wp\/v2\/posts\/651939","targetHints":{"allow":["GET"]}}],"collection":[{"href":"https:\/\/www.europesays.com\/fr\/wp-json\/wp\/v2\/posts"}],"about":[{"href":"https:\/\/www.europesays.com\/fr\/wp-json\/wp\/v2\/types\/post"}],"author":[{"embeddable":true,"href":"https:\/\/www.europesays.com\/fr\/wp-json\/wp\/v2\/users\/2"}],"replies":[{"embeddable":true,"href":"https:\/\/www.europesays.com\/fr\/wp-json\/wp\/v2\/comments?post=651939"}],"version-history":[{"count":0,"href":"https:\/\/www.europesays.com\/fr\/wp-json\/wp\/v2\/posts\/651939\/revisions"}],"wp:featuredmedia":[{"embeddable":true,"href":"https:\/\/www.europesays.com\/fr\/wp-json\/wp\/v2\/media\/651940"}],"wp:attachment":[{"href":"https:\/\/www.europesays.com\/fr\/wp-json\/wp\/v2\/media?parent=651939"}],"wp:term":[{"taxonomy":"category","embeddable":true,"href":"https:\/\/www.europesays.com\/fr\/wp-json\/wp\/v2\/categories?post=651939"},{"taxonomy":"post_tag","embeddable":true,"href":"https:\/\/www.europesays.com\/fr\/wp-json\/wp\/v2\/tags?post=651939"}],"curies":[{"name":"wp","href":"https:\/\/api.w.org\/{rel}","templated":true}]}}