{"id":651943,"date":"2026-01-09T15:25:09","date_gmt":"2026-01-09T15:25:09","guid":{"rendered":"https:\/\/www.europesays.com\/fr\/651943\/"},"modified":"2026-01-09T15:25:09","modified_gmt":"2026-01-09T15:25:09","slug":"jean-luc-melenchon-tacle-la-cgt-et-annonce-debarquer-a-lyon-que-vient-il-faire","status":"publish","type":"post","link":"https:\/\/www.europesays.com\/fr\/651943\/","title":{"rendered":"Jean-Luc M\u00e9lenchon tacle la CGT et annonce d\u00e9barquer \u00e0 Lyon : que vient-il faire\u00a0?"},"content":{"rendered":"<p>                    Par<br \/>\n        <strong><br \/>\n            <a href=\"https:\/\/actu.fr\/auteur\/anthony-soudani\" title=\"Consulter tous les articles de Anthony Soudani\" target=\"_blank\" rel=\"noopener\">Anthony Soudani<\/a><br \/>\n                    <\/strong><\/p>\n<p>        Publi\u00e9 le<\/p>\n<p>            9 janv. 2026 \u00e0 14h58        <\/p>\n<p><strong>Jean-Luc M\u00e9lenchon<\/strong> est en col\u00e8re. Le patron de La France insoumise r\u00e9clame la lib\u00e9ration du pr\u00e9sident v\u00e9n\u00e9zu\u00e9lien <a href=\"https:\/\/actu.fr\/monde\/je-suis-un-prisonnier-de-guerre-nicolas-maduro-le-president-venezuelien-dechu-clame-son-innocence_63655164.html\" target=\"_blank\" rel=\"noopener\">Nicol\u00e1s Maduro<\/a> depuis sa capture spectaculaire par les \u00c9tats-Unis dans la nuit du 2 au 3 janvier 2026. L\u2019ancien d\u00e9put\u00e9 s\u2019est attaqu\u00e9 ce jeudi \u00e0 Sophie Binet, secr\u00e9taire g\u00e9n\u00e9rale de la CGT, en annon\u00e7ant sa participation \u00e0 une manifestation \u00e0 <a href=\"https:\/\/actu.fr\/lyon\/\" target=\"_blank\" rel=\"noopener\">Lyon<\/a> ce samedi 10 janvier.\u00a0<\/p>\n<p>M\u00e9lenchon en d\u00e9saccord formel avec Sophie Binet<\/p>\n<p class=\" wall-content\">Sur X, <a href=\"https:\/\/actu.fr\/occitanie\/toulouse_31555\/info-actu-toulouse-municipales-2026-jean-luc-melenchon-vient-au-soutien-de-francois-piquemal_63566783.html\" target=\"_blank\" rel=\"noopener\">Jean-Luc M\u00e9lenchon<\/a> se dit \u00eatre \u00ab\u00a0en d\u00e9saccord formel avec la d\u00e9claration de Sophie Binet au nom de la CGT d\u00e9non\u00e7ant les violations des droits de l\u2019homme sous l\u2019autorit\u00e9 de Maduro et abandonnant l\u2019exigence de la lib\u00e9ration imm\u00e9diate du pr\u00e9sident venezuelien\u00a0\u00bb.<\/p>\n<p class=\" wall-content\">Le fondateur de LFI assure qu\u2019il sera \u00e0 Lyon \u00ab\u00a0au rassemblement pour <strong>affirmer notre soutien aux droits inali\u00e9nables du peuple venezuelien<\/strong> et de ses institutions\u00a0\u00bb.<\/p>\n<p class=\" wall-content\">\n<p class=\" wall-content\">Le d\u00e9placement de Jean-Luc M\u00e9lenchon dans la m\u00e9tropole lyonnaise se fera en trois temps. Il sera pr\u00e9sent d\u00e8s ce vendredi 9 janvier \u00e0 19h30 \u00e0 Villeurbanne pour pr\u00e9senter ses voeux aux c\u00f4t\u00e9s de son gendre, le d\u00e9put\u00e9 LFI Gabriel Amard.\u00a0<\/p>\n<p>M\u00e9lenchon pr\u00e9sent \u00e0 Bellecour samedi apr\u00e8s-midi<\/p>\n<p class=\" wall-content\">Le lendemain, il participera \u00e0 une op\u00e9ration de tractage \u00ab\u00a0Inscription sur les listes \u00e9lectorales\u00a0\u00bb au march\u00e9 du Mas du Taureau \u00e0 Vaulx-en-Velin avec le d\u00e9put\u00e9 LFI Abdelkader Lahmar.\u00a0<\/p>\n<p class=\" wall-content\">Puis, \u00e0 16h30 samedi, il participera donc au rassemblement en soutien au peuple v\u00e9n\u00e9zu\u00e9lien <strong>place Bellecour<\/strong> avec les d\u00e9put\u00e9s LFI <a href=\"https:\/\/actu.fr\/auvergne-rhone-alpes\/lyon_69123\/municipales-2026-a-lyon-anai-s-belouassa-cherifi-lfi-defend-une-gratuite-totale-des-tcl_63440717.html\" target=\"_blank\" rel=\"noopener\">Ana\u00efs Belouassa-Cherifi<\/a>, \u00e9galement candidat aux \u00e9lections municipales \u00e0 Lyon, Idir Boumertit, Abdelkader Lahmar, Gabriel Amard et Rapha\u00ebl Arnault.<\/p>\n<p class=\" wall-content\">Personnalisez votre actualit\u00e9 en ajoutant vos villes et m\u00e9dias en favori avec <a href=\"https:\/\/moncompte.actu.fr\" title=\"D\u00e9couvez Mon Actu\" rel=\"nofollow noopener\" data-trk=\"{&quot;cta&quot;:{&quot;action&quot;:&quot;https:\\\/\\\/moncompte.actu.fr&quot;,&quot;category&quot;:&quot;mon compte&quot;,&quot;from&quot;:&quot;article footer&quot;,&quot;name&quot;:&quot;Mon actu&quot;,&quot;type&quot;:&quot;cta&quot;}}\" target=\"_blank\">Mon Actu<\/a>.<\/p>\n","protected":false},"excerpt":{"rendered":"Par Anthony Soudani Publi\u00e9 le 9 janv. 2026 \u00e0 14h58 Jean-Luc M\u00e9lenchon est en col\u00e8re. Le patron de&hellip;\n","protected":false},"author":2,"featured_media":651944,"comment_status":"","ping_status":"","sticky":false,"template":"","format":"standard","meta":{"footnotes":""},"categories":[1889],"tags":[1111,11,2430,75,1777,674,1011,27,3081,1023,2428,12,316,25],"class_list":{"0":"post-651943","1":"post","2":"type-post","3":"status-publish","4":"format-standard","5":"has-post-thumbnail","7":"category-lyon","8":"tag-actu","9":"tag-actualites","10":"tag-auvergne-rhone-alpes","11":"tag-donald-trump","12":"tag-eu","13":"tag-europe","14":"tag-fr","15":"tag-france","16":"tag-jean-luc-melenchon","17":"tag-la-france-insoumise-lfi","18":"tag-lyon","19":"tag-news","20":"tag-politique","21":"tag-republique-francaise"},"share_on_mastodon":{"url":"https:\/\/pubeurope.com\/@fr\/115865840836653397","error":""},"_links":{"self":[{"href":"https:\/\/www.europesays.com\/fr\/wp-json\/wp\/v2\/posts\/651943","targetHints":{"allow":["GET"]}}],"collection":[{"href":"https:\/\/www.europesays.com\/fr\/wp-json\/wp\/v2\/posts"}],"about":[{"href":"https:\/\/www.europesays.com\/fr\/wp-json\/wp\/v2\/types\/post"}],"author":[{"embeddable":true,"href":"https:\/\/www.europesays.com\/fr\/wp-json\/wp\/v2\/users\/2"}],"replies":[{"embeddable":true,"href":"https:\/\/www.europesays.com\/fr\/wp-json\/wp\/v2\/comments?post=651943"}],"version-history":[{"count":0,"href":"https:\/\/www.europesays.com\/fr\/wp-json\/wp\/v2\/posts\/651943\/revisions"}],"wp:featuredmedia":[{"embeddable":true,"href":"https:\/\/www.europesays.com\/fr\/wp-json\/wp\/v2\/media\/651944"}],"wp:attachment":[{"href":"https:\/\/www.europesays.com\/fr\/wp-json\/wp\/v2\/media?parent=651943"}],"wp:term":[{"taxonomy":"category","embeddable":true,"href":"https:\/\/www.europesays.com\/fr\/wp-json\/wp\/v2\/categories?post=651943"},{"taxonomy":"post_tag","embeddable":true,"href":"https:\/\/www.europesays.com\/fr\/wp-json\/wp\/v2\/tags?post=651943"}],"curies":[{"name":"wp","href":"https:\/\/api.w.org\/{rel}","templated":true}]}}