{"id":651949,"date":"2026-01-09T15:29:12","date_gmt":"2026-01-09T15:29:12","guid":{"rendered":"https:\/\/www.europesays.com\/fr\/651949\/"},"modified":"2026-01-09T15:29:12","modified_gmt":"2026-01-09T15:29:12","slug":"operation-escargot-en-cours-sur-le-peripherique-a-paris-les-bouchons-senvolent","status":"publish","type":"post","link":"https:\/\/www.europesays.com\/fr\/651949\/","title":{"rendered":"op\u00e9ration escargot en cours sur le p\u00e9riph\u00e9rique \u00e0 Paris, les bouchons s&rsquo;envolent"},"content":{"rendered":"<p>                    Par<br \/>\n        <strong><br \/>\n            <a href=\"https:\/\/actu.fr\/auteur\/redaction-paris\" title=\"Consulter tous les articles de R\u00e9daction Paris\" target=\"_blank\" rel=\"noopener\">R\u00e9daction Paris<\/a><br \/>\n                    <\/strong><\/p>\n<p>        Publi\u00e9 le<\/p>\n<p>            9 janv. 2026 \u00e0 9h45        <\/p>\n<p>Une centaine d\u2019agriculteurs de la Conf\u00e9d\u00e9ration paysanne ont pris d\u2019assaut le <a href=\"https:\/\/actu.fr\/tag\/peripherique\" target=\"_blank\" rel=\"noopener\">p\u00e9riph\u00e9rique<\/a> \u00e0 Paris, t\u00f4t ce vendredi 9 janvier 2026. Les tracteurs se sont engag\u00e9s sur la bretelle de Montreuil pour \u00ab\u00a0mener une <strong>op\u00e9ration escargot<\/strong> et bloquer la circulation\u00a0\u00bb, annonce par communiqu\u00e9 le syndicat.\u00a0<\/p>\n<p>\u00ab\u00a0Balayer un protocole sanitaire mortif\u00e8re\u00a0\u00bb<\/p>\n<p class=\" wall-content\">Comme la Coordination rurale hier, les paysans protestent contre \u00ab la politique sanitaire du gouvernement \u00bb, notamment dans le cadre de la crise de la DNC, et r\u00e9affirment leur rejet de l\u2019accord de libre-\u00e9change entre l\u2019UE et le Mercosur. \u00ab Nous voulons balayer un protocole sanitaire <strong>mortif\u00e8re et autoritaire<\/strong>, aussi bien que le rouleau compresseur lib\u00e9ral qui le commande. \u00bb<\/p>\n<p>    <a href=\"https:\/\/www.facebook.com\/plugins\/post.php?href=https%3A%2F%2Fwww.facebook.com%2Fconfederationpaysanne%2Fposts%2Fpfbid0TyFuqHzs23oyX8EXLSjaTZH3SXggpfHhNKDXdR48pba79xxDBp8W7Uo67iNkAm55l&amp;show_text=true&amp;width=350\" title=\"Ouvrie le lien\" target=\"_blank\" rel=\"noopener\">Cliquez ici pour visualiser le contenu<\/a><\/p>\n<p class=\" wall-content\">Ces revendications rejoignent celles de la Coordination rurale, dont les agriculteurs ont aussi manifest\u00e9 jeudi 8 janvier 2026. Dans la soir\u00e9e, le pr\u00e9sident de la R\u00e9publique, <a href=\"https:\/\/actu.fr\/tag\/emmanuel-macron\" target=\"_blank\" rel=\"noopener\">Emmanuel Macron<\/a>, a annonc\u00e9 qu\u2019il voterait contre le Mercosur ce vendredi 9 janvier 2026 \u00e0 Bruxelles. Cette opposition ne devrait toutefois pas suffire, le trait\u00e9 b\u00e9n\u00e9ficiant d\u2019une <strong>majorit\u00e9<\/strong> parmi les pays membres.<\/p>\n<p class=\" wall-content\">Sur les routes, le barom\u00e8tre de Sytadin.fr a enregistr\u00e9 jusqu\u2019\u00e0 <strong>280 km\/h<\/strong> d\u2019embouteillages \u00e0 8h30. Lorsque le trafic est fluide, ils d\u00e9passent rarement les 150 km\/h.<\/p>\n<p class=\" wall-content\">Personnalisez votre actualit\u00e9 en ajoutant vos villes et m\u00e9dias en favori avec <a href=\"https:\/\/moncompte.actu.fr\" title=\"D\u00e9couvez Mon Actu\" rel=\"nofollow noopener\" data-trk=\"{&quot;cta&quot;:{&quot;action&quot;:&quot;https:\\\/\\\/moncompte.actu.fr&quot;,&quot;category&quot;:&quot;mon compte&quot;,&quot;from&quot;:&quot;article footer&quot;,&quot;name&quot;:&quot;Mon actu&quot;,&quot;type&quot;:&quot;cta&quot;}}\" target=\"_blank\">Mon Actu<\/a>.<\/p>\n","protected":false},"excerpt":{"rendered":"Par R\u00e9daction Paris Publi\u00e9 le 9 janv. 2026 \u00e0 9h45 Une centaine d\u2019agriculteurs de la Conf\u00e9d\u00e9ration paysanne ont&hellip;\n","protected":false},"author":2,"featured_media":651950,"comment_status":"","ping_status":"","sticky":false,"template":"","format":"standard","meta":{"footnotes":""},"categories":[1888],"tags":[1111,1928,11,1927,327,3542,1777,674,1011,27,12,1926,626,1925,4013,25,104],"class_list":{"0":"post-651949","1":"post","2":"type-post","3":"status-publish","4":"format-standard","5":"has-post-thumbnail","7":"category-paris","8":"tag-actu","9":"tag-actu-paris","10":"tag-actualites","11":"tag-actualites-paris","12":"tag-agriculture","13":"tag-circulation","14":"tag-eu","15":"tag-europe","16":"tag-fr","17":"tag-france","18":"tag-news","19":"tag-news-paris","20":"tag-paris","21":"tag-paris-news","22":"tag-peripherique","23":"tag-republique-francaise","24":"tag-societe"},"share_on_mastodon":{"url":"https:\/\/pubeurope.com\/@fr\/115865856428215343","error":""},"_links":{"self":[{"href":"https:\/\/www.europesays.com\/fr\/wp-json\/wp\/v2\/posts\/651949","targetHints":{"allow":["GET"]}}],"collection":[{"href":"https:\/\/www.europesays.com\/fr\/wp-json\/wp\/v2\/posts"}],"about":[{"href":"https:\/\/www.europesays.com\/fr\/wp-json\/wp\/v2\/types\/post"}],"author":[{"embeddable":true,"href":"https:\/\/www.europesays.com\/fr\/wp-json\/wp\/v2\/users\/2"}],"replies":[{"embeddable":true,"href":"https:\/\/www.europesays.com\/fr\/wp-json\/wp\/v2\/comments?post=651949"}],"version-history":[{"count":0,"href":"https:\/\/www.europesays.com\/fr\/wp-json\/wp\/v2\/posts\/651949\/revisions"}],"wp:featuredmedia":[{"embeddable":true,"href":"https:\/\/www.europesays.com\/fr\/wp-json\/wp\/v2\/media\/651950"}],"wp:attachment":[{"href":"https:\/\/www.europesays.com\/fr\/wp-json\/wp\/v2\/media?parent=651949"}],"wp:term":[{"taxonomy":"category","embeddable":true,"href":"https:\/\/www.europesays.com\/fr\/wp-json\/wp\/v2\/categories?post=651949"},{"taxonomy":"post_tag","embeddable":true,"href":"https:\/\/www.europesays.com\/fr\/wp-json\/wp\/v2\/tags?post=651949"}],"curies":[{"name":"wp","href":"https:\/\/api.w.org\/{rel}","templated":true}]}}