{"id":651953,"date":"2026-01-09T15:34:09","date_gmt":"2026-01-09T15:34:09","guid":{"rendered":"https:\/\/www.europesays.com\/fr\/651953\/"},"modified":"2026-01-09T15:34:09","modified_gmt":"2026-01-09T15:34:09","slug":"dans-lamphi-il-y-avait-un-froid-impressionnant-a-assas-des-etudiants-ont-passe-leurs-partiels-en-doudoune","status":"publish","type":"post","link":"https:\/\/www.europesays.com\/fr\/651953\/","title":{"rendered":"\u00ab Dans l\u2019amphi, il y avait un froid impressionnant ! \u00bb : \u00e0 Assas, des \u00e9tudiants ont pass\u00e9 leurs partiels en doudoune"},"content":{"rendered":"<p class=\"\">Ava se souviendra longtemps de ses premiers partiels de licence de droit. \u00ab Je pense que mes notes \u00e7a va \u00eatre une cata, celles de mes amis aussi. \u00bb Pour cause, apr\u00e8s avoir brav\u00e9 les conditions m\u00e9t\u00e9orologiques chaotiques pour <a href=\"https:\/\/www.leparisien.fr\/etudiant\/examens\/\" target=\"_blank\" rel=\"noreferrer noopener\">se rendre aux examens<\/a>, maintenus par Assas sur le campus de Melun, les \u00e9tudiants ont d\u00fb faire face \u00e0 des temp\u00e9ratures pour le moins fra\u00eeches les deux premiers jours de leurs tous premiers partiels post-bac. <\/p>\n<p class=\"\">\u00ab Non seulement j\u2019ai mis un temps fou pour venir, mais quand on est arriv\u00e9 dans l\u2019amphi, on aurait dit qu\u2019on \u00e9tait dans un garage \u00bb, raconte Ava qui a fini par enfiler son manteau malgr\u00e9 l\u2019interdiction \u00ab pour \u00e9viter la triche \u00bb. Comme elle, beaucoup d\u2019\u00e9tudiants ajustent cache-cou et doudoune pour essayer de composer sereinement. <\/p>\n<p>\u00ab Le stress du partiel est d\u00e9j\u00e0 important \u00bb<\/p>\n<p class=\"\">Un luxe dont ne s\u2019est pas saisi Camille, qui composait le lundi sur le droit constitutionnel. \u00ab Dans l\u2019amphi, il y avait un froid impressionnant, on ne sentait plus nos jambes ! \u00bb, raconte-t-elle. En revanche, pas de probl\u00e8me de temp\u00e9rature pour l\u2019\u00e9tudiante le mardi&#8230; puisqu\u2019elle n\u2019a m\u00eame pas pu se rendre \u00e0 ses examens. <\/p>\n<p class=\"\">Des absences pour une poign\u00e9e d\u2019\u00e9tudiants seulement note St\u00e9phane Braconnier, pr\u00e9sident de l\u2019universit\u00e9. \u00ab Oui, les conditions m\u00e9t\u00e9orologiques \u00e9taient compliqu\u00e9es, mais le taux d\u2019absent\u00e9isme \u00e0 la session de L1 a \u00e9t\u00e9 inf\u00e9rieure \u00e0 l\u2019ann\u00e9e derni\u00e8re, d\u00e9fend-il. L\u2019immense majorit\u00e9 \u00e0 pris ses pr\u00e9cautions et a pu anticiper, l\u2019\u00e9pisode neigeux \u00e9tant annonc\u00e9 depuis plusieurs jours. \u00bb <\/p>\n<p class=\"\">Qu\u2019importe pour les \u00e9tudiants pr\u00e9sents. \u00ab Les conditions n\u2019\u00e9taient pas normales pour passer nos examens \u00bb, fait remarquer Gabriel qui a compos\u00e9 le lundi et le mardi dans un amphi aux temp\u00e9ratures plut\u00f4t fra\u00eeches. \u00ab Mardi matin, avec les chutes de neige de la veille et le verglas, j\u2019\u00e9tais d\u00e9j\u00e0 tr\u00e8s stress\u00e9 par les retards et la peur de ne pas arriver \u00e0 temps. Dans ce contexte, les conditions dans l\u2019amphith\u00e9\u00e2tre n\u2019ont fait qu\u2019ajouter de la tension. \u00bb A-t-il pu correctement r\u00e9diger les r\u00e9ponses aux questions ? \u00ab Relativement, malgr\u00e9 le froid et les all\u00e9es et venues des \u00e9l\u00e8ves arrivant en retard, ce qui rendait ma concentration difficile. \u00bb <\/p>\n<p class=\"\">\u00ab Nous avons demand\u00e9 une certaine indulgence et avons donn\u00e9 des consignes au niveau des retards \u00bb, justifie le pr\u00e9sident d\u2019Assas qui explique les temp\u00e9ratures froides des amphis par les cong\u00e9s de fin d\u2019ann\u00e9es et la coupure du chauffage pendant quinze jours. \u00ab Je n\u2019ai pas \u00e9t\u00e9 inform\u00e9 de cette difficult\u00e9, j\u2019imagine qu\u2019elle n\u2019a pas \u00e9t\u00e9 cruciale, car elle ne m\u2019a pas \u00e9t\u00e9 rapport\u00e9e, explique-t-il. Elle a d\u00fb \u00eatre g\u00e9r\u00e9e dans les meilleurs conditions possibles. \u00bb<\/p>\n<p class=\"\">Pr\u00e9vu pour durer toute la semaine, les partiels maintenus auront finalement lieu dans d\u2019autres salles de la fac le 3e jour d\u2019examen. Dans un mail envoy\u00e9 aux \u00e9tudiants que la r\u00e9daction a pu consulter, l\u2019administration d\u2019Assas a r\u00e9parti les \u00e9tudiants dans diff\u00e9rentes salles et un autre amphi. \u00ab Nous avons \u00e9t\u00e9 d\u00e9plac\u00e9s dans des salles de TD pour pouvoir faire l\u2019examen \u00bb, raconte Gabriel, soulag\u00e9 par la d\u00e9cision de l\u2019administration. <\/p>\n<p class=\"\">Pour autant, pas de quoi rassurer les premi\u00e8re ann\u00e9e de licence sur les notes qu\u2019ils pourront obtenir pour les deux premiers partiels, pass\u00e9s dans des conditions peu confortables. \u00ab Il faut un 9\/20 pour aller au rattrapage, rater un partiel qui compte pour 70% de la note finale de la mati\u00e8re c\u2019est impossible ! \u00bb, s\u2019indigne Camille. \u00ab Le <a href=\"https:\/\/www.leparisien.fr\/etudiant\/vie-etudiante\/examens-entretiens-revisions-comment-ne-pas-stresser-QPVVXGHPOFL6LNX2D3D2MGUPME.php\" target=\"_blank\" rel=\"noopener\">stress du partiel est d\u00e9j\u00e0 important<\/a>, la premi\u00e8re ann\u00e9e, on d\u00e9couvre. Mais je n\u2019arrivais m\u00eame pas \u00e0 me concentrer, je ne sentais plus mes mains et mes jambes. \u00bb<\/p>\n<p class=\"\">\u00ab Ils pensent qu\u2019on veut esquiver les partiels, car on est en L1. \u00bb, s\u2019agace Ava qui ajoute : \u00ab Moi je m\u2019\u00e9tais dit Assas, c\u2019est comme la Sorbonne, on est pas \u00e0 la fac d\u2019Evry. Pourtant, \u00e0 Evry ils ont annul\u00e9 les partiels. \u00bb<\/p>\n","protected":false},"excerpt":{"rendered":"Ava se souviendra longtemps de ses premiers partiels de licence de droit. \u00ab Je pense que mes notes&hellip;\n","protected":false},"author":2,"featured_media":651954,"comment_status":"","ping_status":"","sticky":false,"template":"","format":"standard","meta":{"footnotes":""},"categories":[1888],"tags":[11,1283,1777,674,1011,27,2684,12,626,25,104,5973],"class_list":{"0":"post-651953","1":"post","2":"type-post","3":"status-publish","4":"format-standard","5":"has-post-thumbnail","7":"category-paris","8":"tag-actualites","9":"tag-etudes","10":"tag-eu","11":"tag-europe","12":"tag-fr","13":"tag-france","14":"tag-le-parisien-etudiant","15":"tag-news","16":"tag-paris","17":"tag-republique-francaise","18":"tag-societe","19":"tag-universites"},"share_on_mastodon":{"url":"https:\/\/pubeurope.com\/@fr\/115865876216480693","error":""},"_links":{"self":[{"href":"https:\/\/www.europesays.com\/fr\/wp-json\/wp\/v2\/posts\/651953","targetHints":{"allow":["GET"]}}],"collection":[{"href":"https:\/\/www.europesays.com\/fr\/wp-json\/wp\/v2\/posts"}],"about":[{"href":"https:\/\/www.europesays.com\/fr\/wp-json\/wp\/v2\/types\/post"}],"author":[{"embeddable":true,"href":"https:\/\/www.europesays.com\/fr\/wp-json\/wp\/v2\/users\/2"}],"replies":[{"embeddable":true,"href":"https:\/\/www.europesays.com\/fr\/wp-json\/wp\/v2\/comments?post=651953"}],"version-history":[{"count":0,"href":"https:\/\/www.europesays.com\/fr\/wp-json\/wp\/v2\/posts\/651953\/revisions"}],"wp:featuredmedia":[{"embeddable":true,"href":"https:\/\/www.europesays.com\/fr\/wp-json\/wp\/v2\/media\/651954"}],"wp:attachment":[{"href":"https:\/\/www.europesays.com\/fr\/wp-json\/wp\/v2\/media?parent=651953"}],"wp:term":[{"taxonomy":"category","embeddable":true,"href":"https:\/\/www.europesays.com\/fr\/wp-json\/wp\/v2\/categories?post=651953"},{"taxonomy":"post_tag","embeddable":true,"href":"https:\/\/www.europesays.com\/fr\/wp-json\/wp\/v2\/tags?post=651953"}],"curies":[{"name":"wp","href":"https:\/\/api.w.org\/{rel}","templated":true}]}}