{"id":651964,"date":"2026-01-09T15:40:13","date_gmt":"2026-01-09T15:40:13","guid":{"rendered":"https:\/\/www.europesays.com\/fr\/651964\/"},"modified":"2026-01-09T15:40:13","modified_gmt":"2026-01-09T15:40:13","slug":"lallemagne-salue-laccord-de-libre-echange","status":"publish","type":"post","link":"https:\/\/www.europesays.com\/fr\/651964\/","title":{"rendered":"l\u2019Allemagne salue l\u2019accord de libre-\u00e9change"},"content":{"rendered":"\n<p>       \u2013   <\/p>\n<p>  L\u2019UE donne son feu vert au Mercosur, Berlin jubile <\/p>\n<p class=\"lead regular externalicon-big astro-mrojhlls\"> Le chancelier Friedrich Merz se r\u00e9jouit de la validation de l\u2019accord commercial avec le Mercosur par une majorit\u00e9 qualifi\u00e9e des pays europ\u00e9ens. L\u2019industrie allemande y voit une bou\u00e9e de sauvetage face \u00e0 la crise industrielle et aux droits de douane de Donald Trump.    <\/p>\n<p>     Publi\u00e9 aujourd\u2019hui \u00e0 15h15     <\/p>\n<p>              <img decoding=\"async\" loading=\"eager\" fetchpriority=\"high\" src=\"https:\/\/www.europesays.com\/fr\/wp-content\/uploads\/2026\/01\/F_NEZtwWqGHBJdmdsXrEQa.jpg\" data-image-url=\"https:\/\/www.europesays.com\/fr\/wp-content\/uploads\/2026\/01\/F_NEZtwWqGHBJdmdsXrEQa.jpg\" alt=\"La pr\u00e9sidente de la Commission europ\u00e9enne Ursula von der Leyen est accueillie par le chancelier allemand Friedrich Merz \u00e0 la Chancellerie \u00e0 Berlin, le 15 d\u00e9cembre 2025, pour des pourparlers sur la guerre entre la Russie et l\u2019Ukraine.\" title=\"La pr\u00e9sidente de la Commission europ\u00e9enne Ursula von der Leyen est accueillie par le chancelier allemand Friedrich Merz \u00e0 la Chancellerie \u00e0 Berlin, le 15 d\u00e9cembre 2025, pour des pourparlers sur la guerre entre la Russie et l\u2019Ukraine.\" class=\"ResponsiveImage responsive-image astro-lrzy7jfn\" style=\"background-color:#A37E6D\" onload=\"this.style.backgroundColor = &quot;transparent&quot;\"\/>         <\/p>\n<p>La pr\u00e9sidente de la Commission europ\u00e9enne, Ursula von der Leyen et  le chancelier allemand Friedrich Merz \u00e0 Berlin, le 25 d\u00e9cembre 2025. <\/p>\n<p>Odd ANDERSEN \/ AFP<\/p>\n<p>        Abonnez-vous d\u00e8s maintenant et profitez de la fonction de lecture audio. <\/p>\n<p>  S&rsquo;abonner   Se connecter  <\/p>\n<p>    <a href=\"https:\/\/bottalk.io\/\" class=\"bottalklink astro-5ez2hx6t\" target=\"_blank\" rel=\"noreferrer noopener\"> BotTalk <\/a>        <\/p>\n<p class=\"articleParagraph externalicon-big focus _content-width article-element astro-g2qwsodm astro-hwk6bfo3\">Le gouvernement allemand et l\u2019industrie de la premi\u00e8re \u00e9conomie europ\u00e9enne ont salu\u00e9 vendredi le feu vert de l\u2019UE \u00e0 l\u2019accord commercial avec le Mercosur, se r\u00e9jouissant de nouvelles perspectives de croissance \u00e0 l\u2019heure des droits de douane am\u00e9ricains. <\/p>\n<p class=\"articleParagraph externalicon-big focus _content-width article-element astro-g2qwsodm astro-hwk6bfo3\">Le chancelier allemand Friedrich Merz y voit une \u00ab\u00e9tape importante dans la politique commerciale europ\u00e9enne et un signal fort de notre souverainet\u00e9 strat\u00e9gique\u00bb, selon un communiqu\u00e9.  <a class=\"noExternalIcon astro-hwk6bfo3\" target=\"_self\" href=\"https:\/\/www.bilan.ch\/story\/mercosur-bruxelles-veut-signer-malgre-lopposition-francaise-101032864795\" data-article-link=\"https:\/\/www.bilan.ch\/story\/mercosur-bruxelles-veut-signer-malgre-lopposition-francaise-101032864795\" rel=\"noopener\">En d\u00e9pit de l\u2019opposition ferme de la France<\/a>, une majorit\u00e9 d\u2019Etats europ\u00e9ens ont soutenu vendredi \u00e0 Bruxelles l\u2019accord, qui pourrait \u00eatre sign\u00e9 d\u00e8s lundi au Paraguay par la pr\u00e9sidente de la Commission Ursula von der Leyen. Ses d\u00e9tracteurs, peu audibles en Allemagne, pointent les risques pour l\u2019agriculture europ\u00e9enne, avec l\u2019arriv\u00e9e de produits moins chers et pas forc\u00e9ment respectueux des normes environnementales de l\u2019UE. <\/p>\n<p>  Mercosur: bou\u00e9e de sauvetage pour l\u2019UE et l\u2019Allemagne? <\/p>\n<p class=\"articleParagraph externalicon-big focus _content-width article-element astro-g2qwsodm astro-hwk6bfo3\">N\u00e9goci\u00e9 depuis 1999, il cr\u00e9e l\u2019une des plus grandes zones de libre-\u00e9change au monde, entre l\u2019UE, le Br\u00e9sil, l\u2019Argentine, le Paraguay et l\u2019Uruguay, soit plus de 700 millions de consommateurs. \u00abAlors que d\u2019autres se referment et adoptent une politique commerciale de plus en plus agressive, nous misons sur de nouveaux partenariats\u00bb, a d\u00e9clar\u00e9 de son c\u00f4t\u00e9 le vice-chancelier allemand Lars Klingbeil, sans nommer explicitement les Etats-Unis. <\/p>\n<p class=\"articleParagraph externalicon-big focus _content-width article-element astro-g2qwsodm astro-hwk6bfo3\">L\u2019accord est un soulagement pour le  <a class=\"noExternalIcon astro-hwk6bfo3\" target=\"_self\" href=\"https:\/\/www.bilan.ch\/story\/allemagne-les-commandes-industrielles-bondissent-de-5-6-477965625024\" data-article-link=\"https:\/\/www.bilan.ch\/story\/allemagne-les-commandes-industrielles-bondissent-de-5-6-477965625024\" rel=\"noopener\">tissu industriel du pays<\/a>, d\u00e9boussol\u00e9 par les droits de douane de Donald Trump et en qu\u00eate de nouveaux march\u00e9s pour surmonter une crise \u00e9conomique profonde. Gr\u00e2ce \u00e0 celui-ci, \u00ables entreprises \u00e9conomiseront environ 4 milliards d\u2019euros par an en droits de douane\u00bb, assure la f\u00e9d\u00e9ration industrielle BDI. Le trait\u00e9 rassure en premier lieu l\u2019automobile allemande, dont 70% des emplois d\u00e9pendent des exportations selon la f\u00e9d\u00e9ration du secteur VDA. Celle-ci a c\u00e9l\u00e9br\u00e9 des \u00abperspectives consid\u00e9rables\u00bb, car jusqu\u2019ici, les droits de douane avec le Mercosur atteignaient jusqu\u2019\u00e0 35% sur l\u2019importation de voitures europ\u00e9ennes. <\/p>\n<p class=\"articleParagraph externalicon-big focus _content-width article-element astro-g2qwsodm astro-hwk6bfo3\">Selon le BDI, l\u2019accord facilite aussi l\u2019acc\u00e8s \u00e0 des mati\u00e8res premi\u00e8res critiques comme le lithium et le cuivre, indispensable dans l\u2019\u00e9lectromobilit\u00e9 et les \u00e9nergies renouvelables. \u00abLe Conseil europ\u00e9en redonne espoir \u00e0 l\u2019industrie europ\u00e9enne\u00bb, a aussi salu\u00e9 la  <a class=\"noExternalIcon astro-hwk6bfo3\" target=\"_self\" href=\"https:\/\/www.bilan.ch\/story\/allemagne-la-chimie-traverse-sa-pire-crise-depuis-1949-483370992504\" data-article-link=\"https:\/\/www.bilan.ch\/story\/allemagne-la-chimie-traverse-sa-pire-crise-depuis-1949-483370992504\" rel=\"noopener\">f\u00e9d\u00e9ration de la chimie<\/a> VCI, qui se d\u00e9bat avec une intense concurrence chinoise. <\/p>\n<p class=\"articleParagraph externalicon-big focus _content-width article-element astro-g2qwsodm astro-hwk6bfo3\">\u00abIl s\u2019agit maintenant de conclure rapidement les prochains accords de libre-\u00e9change\u00bb, ajoute Friedrich Merz, notant que \u00ab25 ans de n\u00e9gociations, c\u2019\u00e9tait trop long\u00bb. <\/p>\n<p class=\"boxtitle astro-42aj3uwb astro-hwk6bfo3\">Notre dossier sur l\u2019attractivit\u00e9 de la Suisse <\/p>\n<p class=\"agencies content-width astro-etjqzq3d\"> AFP <\/p>\n<p class=\"Feedback content-width astro-kvtdmsee\"> Vous avez trouv\u00e9 une erreur? <a href=\"https:\/\/www.bilan.ch\/story\/mailto:tes_correction@tamedia.ch?subject=Avis%20d\" erreur=\"\" class=\"feedbacklink _underlinelink astro-kvtdmsee\" target=\"_blank\" rel=\"noopener\"> Merci de nous la signaler. <\/a> <\/p>\n<p>La pr\u00e9sidente de la Commission europ\u00e9enne, Ursula von der Leyen et  le chancelier allemand Friedrich Merz \u00e0 Berlin, le 25 d\u00e9cembre 2025. <\/p>\n<p>Odd ANDERSEN \/ AFP<\/p>\n","protected":false},"excerpt":{"rendered":"\u2013 L\u2019UE donne son feu vert au Mercosur, Berlin jubile Le chancelier Friedrich Merz se r\u00e9jouit de la&hellip;\n","protected":false},"author":2,"featured_media":651965,"comment_status":"","ping_status":"","sticky":false,"template":"","format":"standard","meta":{"footnotes":""},"categories":[1587],"tags":[11,672,1804,1805,1803,1777,674,1801,12,1802],"class_list":{"0":"post-651964","1":"post","2":"type-post","3":"status-publish","4":"format-standard","5":"has-post-thumbnail","7":"category-allemagne","8":"tag-actualites","9":"tag-allemagne","10":"tag-bundesrepublik-deutschland","11":"tag-de","12":"tag-deutschland","13":"tag-eu","14":"tag-europe","15":"tag-germany","16":"tag-news","17":"tag-republique-federale-dallemagne"},"share_on_mastodon":{"url":"https:\/\/pubeurope.com\/@fr\/115865899866431882","error":""},"_links":{"self":[{"href":"https:\/\/www.europesays.com\/fr\/wp-json\/wp\/v2\/posts\/651964","targetHints":{"allow":["GET"]}}],"collection":[{"href":"https:\/\/www.europesays.com\/fr\/wp-json\/wp\/v2\/posts"}],"about":[{"href":"https:\/\/www.europesays.com\/fr\/wp-json\/wp\/v2\/types\/post"}],"author":[{"embeddable":true,"href":"https:\/\/www.europesays.com\/fr\/wp-json\/wp\/v2\/users\/2"}],"replies":[{"embeddable":true,"href":"https:\/\/www.europesays.com\/fr\/wp-json\/wp\/v2\/comments?post=651964"}],"version-history":[{"count":0,"href":"https:\/\/www.europesays.com\/fr\/wp-json\/wp\/v2\/posts\/651964\/revisions"}],"wp:featuredmedia":[{"embeddable":true,"href":"https:\/\/www.europesays.com\/fr\/wp-json\/wp\/v2\/media\/651965"}],"wp:attachment":[{"href":"https:\/\/www.europesays.com\/fr\/wp-json\/wp\/v2\/media?parent=651964"}],"wp:term":[{"taxonomy":"category","embeddable":true,"href":"https:\/\/www.europesays.com\/fr\/wp-json\/wp\/v2\/categories?post=651964"},{"taxonomy":"post_tag","embeddable":true,"href":"https:\/\/www.europesays.com\/fr\/wp-json\/wp\/v2\/tags?post=651964"}],"curies":[{"name":"wp","href":"https:\/\/api.w.org\/{rel}","templated":true}]}}