{"id":651972,"date":"2026-01-09T15:44:17","date_gmt":"2026-01-09T15:44:17","guid":{"rendered":"https:\/\/www.europesays.com\/fr\/651972\/"},"modified":"2026-01-09T15:44:17","modified_gmt":"2026-01-09T15:44:17","slug":"nicolas-feraud-president-sous-pression-du-conseil-communal-ne-veut-pas-quitter-le-navire-pendant-la-tempete","status":"publish","type":"post","link":"https:\/\/www.europesays.com\/fr\/651972\/","title":{"rendered":"Nicolas F\u00e9raud, pr\u00e9sident sous pression du conseil communal, ne veut pas \u00ab\u00a0quitter le navire pendant la temp\u00eate\u00a0\u00bb"},"content":{"rendered":"<p>\n    <strong>PORTRAIT<\/strong> &#8211; Alors qu\u2019un hommage national se tient ce vendredi en hommage aux victimes de la trag\u00e9die, la commune a reconnu un \u00ab\u00a0manquement\u00a0\u00bb aux contr\u00f4les s\u00e9curit\u00e9 de l\u2019\u00e9tablissement.<\/p>\n<p class=\"fig-paragraph\">\u00abCe drame, c\u2019est un fardeau que je porterai toute ma vie.\u00bb Mardi 6 janvier, Nicolas F\u00e9raud, pr\u00e9sident du conseil communal de Crans-Montana, a rev\u00eatu la cravate noire devant les plus de deux cents journalistes qui l\u2019interrogent, cinq jours apr\u00e8s le\u00a0<a href=\"http:\/\/www.lefigaro.fr\/international\/dossier\/incendie-mortel-en-suisse-nos-articles-sur-le-drame-de-crans-montana\" data-fig-type=\"Topic\" data-gtm-custom-categorie=\"navigation\" data-gtm-custom-action=\"crossclick\" data-gtm-custom-label=\"Contextuel\" data-gtm-event=\"customEventSPE\" data-fig-domain=\"LEFIGARO\" target=\"_blank\" rel=\"noopener\">grave incendie<\/a>\u00a0du bar le Constellation, ses quarante morts et ses 116 bless\u00e9s pour\u00a0<a href=\"http:\/\/www.lefigaro.fr\/actualite-france\/incendie-a-crans-montana-deux-francais-supplementaires-parmi-les-blesses-selon-un-nouveau-bilan-20260108\" data-fig-type=\"NewsFlash\" data-gtm-custom-categorie=\"navigation\" data-gtm-custom-action=\"crossclick\" data-gtm-custom-label=\"Contextuel\" data-gtm-event=\"customEventSPE\" data-fig-domain=\"LEFIGARO\" target=\"_blank\" rel=\"noopener\">dernier bilan<\/a>. Alors que la justice suisse auditionne ce vendredi les propri\u00e9taires du bar et que les autorit\u00e9s du pays organisent ce m\u00eame jour un hommage national aux victimes, la commune a reconnu un \u00abmanquement\u00bb aux contr\u00f4les s\u00e9curit\u00e9 de l\u2019\u00e9tablissement. Par trois fois lors du point presse, les journalistes ont demand\u00e9 au pr\u00e9sident s\u2019il comptait d\u00e9missionner. \u00abNon, je ne quitterai pas le navire pendant la temp\u00eate\u00bb, leur a r\u00e9torqu\u00e9 l\u2019\u00e9dile, plus habitu\u00e9 ces derni\u00e8res ann\u00e9es \u00e0 \u0153uvrer \u00e0 l\u2019attractivit\u00e9 \u00e9conomique de son territoire natal.<\/p>\n<p>                                            Engag\u00e9 pour le d\u00e9veloppement \u00e9conomique<\/p>\n<p class=\"fig-paragraph\">N\u00e9 en 1970 \u00e0 Crans-Montana, Nicolas F\u00e9raud a \u00e9tudi\u00e9 la pharmacie \u00e0 Gen\u00e8ve. De retour au pays, nich\u00e9 sur les hauteurs du Valais\u2026<\/p>\n<p class=\"fig-premium-paywall__infos\">\n        Cet article est r\u00e9serv\u00e9 aux abonn\u00e9s.        Il vous reste 80% \u00e0 d\u00e9couvrir.\n    <\/p>\n<p>                <img  data- alt=\"Le Figaro\" class=\"fig-img--complete fig-img\"\/><\/p>\n<p class=\"fig-premium-paywall__title\">Le Figaro c\u00e9l\u00e8bre ses 200 ans<\/p>\n<p class=\"fig-premium-paywall__subtitle\">Offre anniversaire : 2\u20ac\/mois pendant 200 semaines<\/p>\n<p class=\"fig-premium-paywall__connect\">\n                D\u00e9j\u00e0 abonn\u00e9\u00a0?                <a class=\"fig-premium-paywall__connect-link\" href=\"https:\/\/connect.lefigaro.fr\/login?client=horizon_web&amp;type=main&amp;redirect_uri=https%3A%2F%2Fwww.lefigaro.fr%2Finternational%2Fincendie-de-craus-montana-nicolas-feraud-president-sous-pression-du-conseil-communal-qui-ne-veut-pas-quitter-le-navire-pendant-la-tempete-20260109\" data-js-gtm=\"{&quot;customCategorie&quot;: &quot;conversion&quot;, &quot;customAction&quot;: &quot;before_Landing_Connexion_paywall_auto&quot;, &quot;customLabel&quot;: &quot;bGVmaWdhcm8uZnJfXzFmMGVjYjg2LTkzNDgtNjE1OC1iNGU3LTA3MWMzODlhMmIyMl9fTmV3c0ZsYXNo_Incendie de Crans-Montana\u00a0: Nicolas F\u00e9raud, pr\u00e9sident sous pression du conseil communal, ne veut pas \u00ab\u00a0quitter le navire pendant la temp\u00eate\u00a0\u00bb_127&quot;, &quot;customIDSPE&quot;: &quot;bGVmaWdhcm8uZnJfXzFmMGVjYjg2LTkzNDgtNjE1OC1iNGU3LTA3MWMzODlhMmIyMl9fTmV3c0ZsYXNo&quot;, &quot;event&quot;: &quot;customEventSPE&quot;}\" target=\"_blank\" rel=\"noopener\"><br \/>\n                    Connectez-vous<br \/>\n                <\/a>\n            <\/p>\n","protected":false},"excerpt":{"rendered":"PORTRAIT &#8211; Alors qu\u2019un hommage national se tient ce vendredi en hommage aux victimes de la trag\u00e9die, la&hellip;\n","protected":false},"author":2,"featured_media":651973,"comment_status":"","ping_status":"","sticky":false,"template":"","format":"standard","meta":{"footnotes":""},"categories":[2],"tags":[11,1011,27,1310,12,25,3067],"class_list":{"0":"post-651972","1":"post","2":"type-post","3":"status-publish","4":"format-standard","5":"has-post-thumbnail","7":"category-actualites","8":"tag-actualites","9":"tag-fr","10":"tag-france","11":"tag-incendie","12":"tag-news","13":"tag-republique-francaise","14":"tag-suisse"},"share_on_mastodon":{"url":"https:\/\/pubeurope.com\/@fr\/115865915389045847","error":""},"_links":{"self":[{"href":"https:\/\/www.europesays.com\/fr\/wp-json\/wp\/v2\/posts\/651972","targetHints":{"allow":["GET"]}}],"collection":[{"href":"https:\/\/www.europesays.com\/fr\/wp-json\/wp\/v2\/posts"}],"about":[{"href":"https:\/\/www.europesays.com\/fr\/wp-json\/wp\/v2\/types\/post"}],"author":[{"embeddable":true,"href":"https:\/\/www.europesays.com\/fr\/wp-json\/wp\/v2\/users\/2"}],"replies":[{"embeddable":true,"href":"https:\/\/www.europesays.com\/fr\/wp-json\/wp\/v2\/comments?post=651972"}],"version-history":[{"count":0,"href":"https:\/\/www.europesays.com\/fr\/wp-json\/wp\/v2\/posts\/651972\/revisions"}],"wp:featuredmedia":[{"embeddable":true,"href":"https:\/\/www.europesays.com\/fr\/wp-json\/wp\/v2\/media\/651973"}],"wp:attachment":[{"href":"https:\/\/www.europesays.com\/fr\/wp-json\/wp\/v2\/media?parent=651972"}],"wp:term":[{"taxonomy":"category","embeddable":true,"href":"https:\/\/www.europesays.com\/fr\/wp-json\/wp\/v2\/categories?post=651972"},{"taxonomy":"post_tag","embeddable":true,"href":"https:\/\/www.europesays.com\/fr\/wp-json\/wp\/v2\/tags?post=651972"}],"curies":[{"name":"wp","href":"https:\/\/api.w.org\/{rel}","templated":true}]}}