{"id":651976,"date":"2026-01-09T15:48:16","date_gmt":"2026-01-09T15:48:16","guid":{"rendered":"https:\/\/www.europesays.com\/fr\/651976\/"},"modified":"2026-01-09T15:48:16","modified_gmt":"2026-01-09T15:48:16","slug":"transfert-top-14-lubb-va-t-elle-laisser-partir-cet-international","status":"publish","type":"post","link":"https:\/\/www.europesays.com\/fr\/651976\/","title":{"rendered":"TRANSFERT. TOP 14. L&rsquo;UBB va-t-elle laisser partir cet international ?"},"content":{"rendered":"<p>Arriv\u00e9 en Gironde l\u2019\u00e9t\u00e9 dernier, <strong>Martin Page-Relo<\/strong> s\u2019est rapidement fait une place dans la rotation bordelaise.<\/p>\n<p>\u00c0 27 ans, l\u2019international italien aux 18 s\u00e9lections a disput\u00e9 plusieurs rencontres sous le maillot de l\u2019<strong>Union <a href=\"https:\/\/www.lerugbynistere.fr\/clubs\/ubb-bordeaux-begles.php\" ui-sref=\"app.team({teamId: 32})\" alt=\"Bordeaux\" data-route=\"app.team\" data-param=\"teamId\" data-id=\"32\" target=\"_blank\" rel=\"noopener\">Bordeaux<\/a>-B\u00e8gles<\/strong>, alternant titularisations et entr\u00e9es en jeu.<\/p>\n<\/p>\n<p>Selon les informations du <strong>Midi Olympique<\/strong>, le demi de m\u00eal\u00e9e a d\u00e9nonc\u00e9 son ann\u00e9e optionnelle. Le dossier est d\u00e9sormais ouvert : prolongation possible, mais une tendance au d\u00e9part se dessine, sur fond de r\u00e9flexion globale autour de l\u2019effectif et de la masse salariale.<\/p>\n<p>Temps de jeu, hi\u00e9rarchie claire : le c\u0153ur de la r\u00e9flexion<\/p>\n<p>Sur le terrain, Page-Relo incarne un profil tr\u00e8s appr\u00e9ci\u00e9 des staffs. Form\u00e9 au <strong><a href=\"https:\/\/www.lerugbynistere.fr\/clubs\/le-stade-toulousain.php\" ui-sref=\"app.team({teamId: 34})\" alt=\"Stade Toulousain\" data-route=\"app.team\" data-param=\"teamId\" data-id=\"34\" target=\"_blank\" rel=\"noopener\">Stade Toulousain<\/a><\/strong>, pass\u00e9 par <a href=\"https:\/\/www.lerugbynistere.fr\/clubs\/lou-rugby.php\" ui-sref=\"app.team({teamId: 44})\" alt=\"Lyon\" data-route=\"app.team\" data-param=\"teamId\" data-id=\"44\" target=\"_blank\" rel=\"noopener\">Lyon<\/a>, il apporte une vraie fiabilit\u00e9 dans l\u2019animation. Son rugby est propre, rythm\u00e9, sans fioritures inutiles.<\/p>\n<p>Bon gestionnaire, il s\u00e9curise les sorties de camp gr\u00e2ce \u00e0 un pied pr\u00e9cis et sait aussi dynamiser les lancements par des acc\u00e9l\u00e9rations autour des rucks.<\/p>\n<p>\u00c0 Bordeaux, il n\u2019a jamais sembl\u00e9 hors tempo. Mais il n\u2019a pas non plus verrouill\u00e9 le poste. <strong>Dans une \u00e9quipe qui tourne d\u00e9j\u00e0 tr\u00e8s bien<\/strong>, il est rest\u00e9 un maillon solide, sans \u00eatre central.<\/p>\n<p>Une \u00e9quation \u00e9conomique assum\u00e9e par Bordeaux<\/p>\n<p>Le n\u0153ud du probl\u00e8me est l\u00e0. Page-Relo souhaite du temps de jeu et un r\u00f4le clairement identifi\u00e9. Or, \u00e0 l\u2019UBB, la hi\u00e9rarchie est connue de tous. <strong><a href=\"https:\/\/www.lerugbynistere.fr\/fiches-joueurs\/maxime-lucu.php\" ui-sref=\"app.player({playerId: 6082})\" alt=\"Maxime Lucu\" data-route=\"app.player\" data-param=\"playerId\" data-id=\"6082\" target=\"_blank\" rel=\"noopener\">Maxime Lucu<\/a><\/strong> est le patron du poste, capitaine et cadre du vestiaire.<\/p>\n<p>Derri\u00e8re lui, le club anticipe l\u2019avenir avec le jeune <a href=\"https:\/\/www.lerugbynistere.fr\/fiches-joueurs\/wilfried-rodrigues.php\" ui-sref=\"app.player({playerId: 3369})\" alt=\"Valentin Hutteau\" data-route=\"app.player\" data-param=\"playerId\" data-id=\"3369\" target=\"_blank\" rel=\"noopener\">Valentin Hutteau<\/a>, tout en s\u2019appuyant sur la polyvalence pr\u00e9cieuse d\u2019<strong><a href=\"https:\/\/www.lerugbynistere.fr\/fiches-joueurs\/arthur-retiere.php\" ui-sref=\"app.player({playerId: 2745})\" alt=\"Arthur Reti\u00e8re\" data-route=\"app.player\" data-param=\"playerId\" data-id=\"2745\" target=\"_blank\" rel=\"noopener\">Arthur Reti\u00e8re<\/a><\/strong>.<\/p>\n<p><strong>Dans ce contexte, conserver un international confirm\u00e9 sans lui offrir de vraies garanties peut devenir d\u00e9licat.<\/strong><\/p>\n<p>L\u2019UBB avance avec prudence. La gestion de la masse salariale est un param\u00e8tre central du projet bordelais, et chaque contrat est pes\u00e9. Page-Relo repr\u00e9sente une valeur s\u00fbre du <a href=\"https:\/\/www.lerugbynistere.fr\/championnats\/top-14\" ui-sref=\"app.competition({competitionId: 1})\" alt=\"Top 14\" data-route=\"app.competition\" data-param=\"competitionId\" data-id=\"1\" target=\"_blank\" rel=\"noopener\">Top 14<\/a>, <strong>mais aussi un co\u00fbt.<\/strong> Le staff et la direction r\u00e9fl\u00e9chissent \u00e0 l\u2019\u00e9quilibre global de l\u2019effectif, entre leaders \u00e9tablis et jeunes \u00e0 d\u00e9velopper.<\/p>\n<p>Un dossier ouvert, loin d\u2019\u00eatre anodin<\/p>\n<p>\u00c0 27 ans, le demi de m\u00eal\u00e9e entre dans ses meilleures ann\u00e9es. Un d\u00e9part pourrait lui offrir un r\u00f4le plus expos\u00e9, voire un statut de titulaire r\u00e9gulier. Dans une saison marqu\u00e9e par une forte demande de num\u00e9ros 9, son profil coche de nombreuses cases : exp\u00e9rience, r\u00e9gularit\u00e9, connaissance du championnat.<\/p>\n<p>Sportivement, <strong>Bordeaux ne serait pas d\u00e9muni en cas de d\u00e9part.<\/strong> Mais la perte d\u2019un joueur aussi fiable poserait forc\u00e9ment la question de la profondeur sur une saison longue, entre Top 14 et Coupe d\u2019Europe.<\/p>\n<p>Entre ambition personnelle et strat\u00e9gie collective, le cas Page-Relo illustre parfaitement les choix fins que doivent faire les clubs modernes. \u00c0 Bordeaux, la d\u00e9cision \u00e0 venir dira beaucoup de la trajectoire sportive et \u00e9conomique de l\u2019UBB.<\/p>\n","protected":false},"excerpt":{"rendered":"Arriv\u00e9 en Gironde l\u2019\u00e9t\u00e9 dernier, Martin Page-Relo s\u2019est rapidement fait une place dans la rotation bordelaise. \u00c0 27&hellip;\n","protected":false},"author":2,"featured_media":651977,"comment_status":"","ping_status":"","sticky":false,"template":"","format":"standard","meta":{"footnotes":""},"categories":[1416],"tags":[1011,27,479,1468,60],"class_list":{"0":"post-651976","1":"post","2":"type-post","3":"status-publish","4":"format-standard","5":"has-post-thumbnail","7":"category-rugby","8":"tag-fr","9":"tag-france","10":"tag-rugby","11":"tag-rugby-football","12":"tag-sports"},"share_on_mastodon":{"url":"https:\/\/pubeurope.com\/@fr\/115865931161108567","error":""},"_links":{"self":[{"href":"https:\/\/www.europesays.com\/fr\/wp-json\/wp\/v2\/posts\/651976","targetHints":{"allow":["GET"]}}],"collection":[{"href":"https:\/\/www.europesays.com\/fr\/wp-json\/wp\/v2\/posts"}],"about":[{"href":"https:\/\/www.europesays.com\/fr\/wp-json\/wp\/v2\/types\/post"}],"author":[{"embeddable":true,"href":"https:\/\/www.europesays.com\/fr\/wp-json\/wp\/v2\/users\/2"}],"replies":[{"embeddable":true,"href":"https:\/\/www.europesays.com\/fr\/wp-json\/wp\/v2\/comments?post=651976"}],"version-history":[{"count":0,"href":"https:\/\/www.europesays.com\/fr\/wp-json\/wp\/v2\/posts\/651976\/revisions"}],"wp:featuredmedia":[{"embeddable":true,"href":"https:\/\/www.europesays.com\/fr\/wp-json\/wp\/v2\/media\/651977"}],"wp:attachment":[{"href":"https:\/\/www.europesays.com\/fr\/wp-json\/wp\/v2\/media?parent=651976"}],"wp:term":[{"taxonomy":"category","embeddable":true,"href":"https:\/\/www.europesays.com\/fr\/wp-json\/wp\/v2\/categories?post=651976"},{"taxonomy":"post_tag","embeddable":true,"href":"https:\/\/www.europesays.com\/fr\/wp-json\/wp\/v2\/tags?post=651976"}],"curies":[{"name":"wp","href":"https:\/\/api.w.org\/{rel}","templated":true}]}}