{"id":651979,"date":"2026-01-09T15:53:10","date_gmt":"2026-01-09T15:53:10","guid":{"rendered":"https:\/\/www.europesays.com\/fr\/651979\/"},"modified":"2026-01-09T15:53:10","modified_gmt":"2026-01-09T15:53:10","slug":"un-jeune-medaille-mondial-percute-par-une-voiture-quatre-vertebres-fracturees-sports","status":"publish","type":"post","link":"https:\/\/www.europesays.com\/fr\/651979\/","title":{"rendered":"Un jeune m\u00e9daill\u00e9 mondial percut\u00e9 par une voiture, quatre vert\u00e8bres fractur\u00e9es : Sports"},"content":{"rendered":"<p class=\"date\">\n                                                            Paul Rouget, Media365 : publi\u00e9 le vendredi 09 janvier 2026 \u00e0 14h20\n                                                    <\/p>\n<p>Le Belge Seff Van Kerckhove (17 ans), membre de l&rsquo;\u00e9quipe Decathlon CMA CGM U19 et troisi\u00e8me du contre-la-montre des derniers Mondiaux, a \u00e9t\u00e9 victime d&rsquo;un accident de la circulation, et a eu quatre vert\u00e8bres fractur\u00e9es apr\u00e8s avoir \u00e9t\u00e9 percut\u00e9 par une voiture.<\/p>\n<p>Des accidents qui se multiplient. De plus en plus de cyclistes sont victimes d&rsquo;accidents \u00e0 l&rsquo;entra\u00eenement. Des professionnels, comme Remco Evenepoel, qui avait percut\u00e9 la porti\u00e8re d&rsquo;une voiture de la poste belge, mais aussi des amateurs, \u00e0 l&rsquo;image du <a href=\"https:\/\/sports.orange.fr\/cyclisme\/article\/carnet-noir-un-cycliste-espoir-trouve-la-mort-a-l-entrainement-exclu-CNT000002mhVMD.html\" target=\"_blank\" rel=\"noopener\">Fran\u00e7ais Tristan Merle (17 ans), d\u00e9c\u00e9d\u00e9 le mois dernier apr\u00e8s avoir \u00e9t\u00e9 percut\u00e9 par un v\u00e9hicule arrivant en sens inverse<\/a>.<\/p>\n<p>Seff Van Kerckhove, espoir belge de 17 ans \u00e9voluant dans l&rsquo;\u00e9quipe Decathlon CMA CGM U19, a lui aussi vu une voiture lui rentrer dedans lors d&rsquo;un entra\u00eenement le 29 d\u00e9cembre en Belgique, comme le rapporte son \u00e9quipe. Qui explique qu&rsquo;il a eu quatre vert\u00e8bres cass\u00e9es, sans plus rentrer dans les d\u00e9tails de cet accident ni \u00e9voquer de dur\u00e9e d&rsquo;indisponibilit\u00e9.<\/p>\n<p>\u00ab\u00a0La s\u00e9curit\u00e9 de tous reste primordiale\u00a0\u00bb<\/p>\n<p>\u00ab\u00a0Nous souhaitons un prompt r\u00e9tablissement \u00e0 Seff et nous remercions le personnel m\u00e9dical ainsi que notre staff pour la qualit\u00e9 des soins apport\u00e9s. On sait que tu reviendras encore plus fort, peut-on lire dans un message publi\u00e9 sur Instagram. Nous tenons \u00e0 rappeler qu&rsquo;\u00e0 v\u00e9lo comme en voiture la route se partage et que la s\u00e9curit\u00e9 de tous reste primordiale.\u00a0\u00bb<\/p>\n<p><a href=\"https:\/\/sports.orange.fr\/cyclisme\/article\/percute-par-une-voiture-un-grand-espoir-belge-alerte-exclu-CNT000002jkV4L.html\" target=\"_blank\" rel=\"noopener\">Un dernier point sur lequel avait d\u00e9j\u00e0 alert\u00e9 un autre espoir belge<\/a>, Cian Uijtdebroeks, apr\u00e8s avoir \u00e9t\u00e9 renvers\u00e9 par une voiture en juin dernier. \u00ab\u00a0Une voiture qui sortait de son parking a travers\u00e9 la route et m&rsquo;a heurt\u00e9 durant l&rsquo;entra\u00eenement. S&rsquo;il vous pla\u00eet, faites attention aux usagers vuln\u00e9rables. Si vous ne le faites pas, vous jouez avec nos vies ! \u00bb, avait-il \u00e9crit sur Instagram, en l\u00e9gende d&rsquo;une photo sur son lit d&rsquo;h\u00f4pital.<\/p>\n<p>Contrairement \u00e0 Van Kerckhove, le coureur de la Visma n&rsquo;avait en revanche pas subi de fracture. Celui de Decathlon CMA CGM U19 va lui devoir prendre son mal en patience, apr\u00e8s une saison 2025 qui l&rsquo;a notamment vu d\u00e9crocher une m\u00e9daille de bronze lors du contre-la-montre des Mondiaux de Kigali chez les Juniors en septembre.<\/p>\n","protected":false},"excerpt":{"rendered":"Paul Rouget, Media365 : publi\u00e9 le vendredi 09 janvier 2026 \u00e0 14h20 Le Belge Seff Van Kerckhove (17&hellip;\n","protected":false},"author":2,"featured_media":651980,"comment_status":"","ping_status":"","sticky":false,"template":"","format":"standard","meta":{"footnotes":""},"categories":[1411],"tags":[1154,207,1011,27,60],"class_list":{"0":"post-651979","1":"post","2":"type-post","3":"status-publish","4":"format-standard","5":"has-post-thumbnail","7":"category-cyclisme","8":"tag-cycling","9":"tag-cyclisme","10":"tag-fr","11":"tag-france","12":"tag-sports"},"share_on_mastodon":{"url":"https:\/\/pubeurope.com\/@fr\/115865950949566175","error":""},"_links":{"self":[{"href":"https:\/\/www.europesays.com\/fr\/wp-json\/wp\/v2\/posts\/651979","targetHints":{"allow":["GET"]}}],"collection":[{"href":"https:\/\/www.europesays.com\/fr\/wp-json\/wp\/v2\/posts"}],"about":[{"href":"https:\/\/www.europesays.com\/fr\/wp-json\/wp\/v2\/types\/post"}],"author":[{"embeddable":true,"href":"https:\/\/www.europesays.com\/fr\/wp-json\/wp\/v2\/users\/2"}],"replies":[{"embeddable":true,"href":"https:\/\/www.europesays.com\/fr\/wp-json\/wp\/v2\/comments?post=651979"}],"version-history":[{"count":0,"href":"https:\/\/www.europesays.com\/fr\/wp-json\/wp\/v2\/posts\/651979\/revisions"}],"wp:featuredmedia":[{"embeddable":true,"href":"https:\/\/www.europesays.com\/fr\/wp-json\/wp\/v2\/media\/651980"}],"wp:attachment":[{"href":"https:\/\/www.europesays.com\/fr\/wp-json\/wp\/v2\/media?parent=651979"}],"wp:term":[{"taxonomy":"category","embeddable":true,"href":"https:\/\/www.europesays.com\/fr\/wp-json\/wp\/v2\/categories?post=651979"},{"taxonomy":"post_tag","embeddable":true,"href":"https:\/\/www.europesays.com\/fr\/wp-json\/wp\/v2\/tags?post=651979"}],"curies":[{"name":"wp","href":"https:\/\/api.w.org\/{rel}","templated":true}]}}