{"id":65198,"date":"2025-04-30T20:11:08","date_gmt":"2025-04-30T20:11:08","guid":{"rendered":"https:\/\/www.europesays.com\/fr\/65198\/"},"modified":"2025-04-30T20:11:08","modified_gmt":"2025-04-30T20:11:08","slug":"leurope-lukraine-lotan-chahutes-par-les-premiers-100-jours-de-donald-trump","status":"publish","type":"post","link":"https:\/\/www.europesays.com\/fr\/65198\/","title":{"rendered":"L&rsquo;Europe, l&rsquo;Ukraine, l&rsquo;Otan chahut\u00e9s par les premiers 100 jours de Donald Trump"},"content":{"rendered":"<p>\n                                                Sans aucun doute, c\u2019est sur l\u2019Ukraine et les questions de d\u00e9fense au sein de l\u2019Otan, que les voltefaces du pr\u00e9sident am\u00e9ricain ont \u00e9t\u00e9 les plus gla\u00e7antes pour les Europ\u00e9ens. Donald Trump s\u2019\u00e9tait donn\u00e9 24 heures, puis 100 jours pour trouver un accord de paix qui mette fin \u00e0 la guerre en Ukraine.\u00a0L&rsquo;analyse de Guillaume Lasconjarias,\u00a0professeur \u00e0 Sorbonne Universit\u00e9, et sp\u00e9cialiste des questions militaires et de l\u2019Otan.\u00a0                    <\/p>\n<p>\u00a0<\/p>\n<p><strong>Vent de populisme \u00abtrumpiste\u00bb sur les \u00e9lections roumaines\u00a0<\/strong><\/p>\n<p>Les <strong><a target=\"_self\" href=\"https:\/\/www.rfi.fr\/fr\/tag\/roumanie\/\" rel=\"noopener\">Roumains<\/a><\/strong> se rendent aux urnes, en fin de semaine, pour la deuxi\u00e8me fois pour \u00e9lire leur pr\u00e9sident. Le pr\u00e9c\u00e9dent scrutin qui avait vu l\u2019\u00e9mergence surprise du candidat d\u2019extr\u00eame droite Calin Georgescu, a \u00e9t\u00e9 annul\u00e9 pour cause d\u2019ing\u00e9rence russe ! \u00a0<\/p>\n<p>Mais aujourd\u2019hui, c\u2019est l\u2019ombre de Donald Trump qui plane sur ces \u00e9lections. D\u2019une mani\u00e8re ou d\u2019une autre, tous les candidats se revendiquent de ce mod\u00e8le populiste ; y compris le candidat d\u2019extr\u00eame droite George Simion, toujours en lice et qui arrive en t\u00eate des sondages.<\/p>\n<p>Dans l\u2019est du pays, o\u00f9 se trouve ce qui sera bient\u00f4t la plus grande base militaire de l\u2019organisation atlantique, l\u2019extr\u00eame droite est en t\u00eate, mais les habitants ne rejettent pas l\u2019Otan. Reportage sur place de <strong>Marine Leduc.\u00a0\u00a0<\/strong><\/p>\n<p>\u00a0<\/p>\n<p><strong>Les ONG allemandes effray\u00e9es par la fin des financements d&rsquo;Usaid<\/strong><\/p>\n<p>La d\u00e9cision de couper les aides am\u00e9ricaines dans l\u2019<strong><a target=\"_self\" href=\"https:\/\/www.rfi.fr\/fr\/tag\/humanitaire\/\" rel=\"noopener\">humanitaire<\/a><\/strong> via l\u2019agence Usaid, a cr\u00e9\u00e9 un s\u00e9isme parmi les <strong><a target=\"_self\" href=\"https:\/\/www.rfi.fr\/fr\/tag\/ong\/\" rel=\"noopener\">ONG<\/a><\/strong>. L\u2019<strong><a target=\"_self\" href=\"https:\/\/www.rfi.fr\/fr\/tag\/allemagne\/\" rel=\"noopener\">Allemagne<\/a><\/strong> qui est d\u00e9sormais le premier pays donateur en Europe, commence \u00e0 prendre la mesure de cette d\u00e9cision pour les pays en voie de d\u00e9veloppement. Plusieurs ONG qui travaillent en Afrique essaient tout de m\u00eame de continuer \u00e0 travailler, comme ils l\u2019ont racont\u00e9 \u00e0 Berlin \u00e0 <strong>Salom\u00e9 H\u00e9non-Cohin.\u00a0\u00a0<\/strong><\/p>\n<p>\u00a0<\/p>\n<p><strong>La chronique de Contexte, sur les relations commerciales entre l&rsquo;Europe, les \u00c9tats-Unis et le reste du monde\u00a0<\/strong><\/p>\n<p>Et on terminera cette \u00e9mission sur le bilan chahut\u00e9 des relations commerciales entre l\u2019Europe et les \u00c9tats-Unis. Apr\u00e8s avoir annonc\u00e9 des taxes suppl\u00e9mentaires de 20% sur les produits europ\u00e9ens, l\u2019administration am\u00e9ricaine a fait marche arri\u00e8re. Les n\u00e9gociations sont en cours et devraient aboutir \u00e0 un accord avant le 14 juillet.\u00a0<strong>Arthur Bamas<\/strong>, journaliste pour le m\u00e9dia <strong><a target=\"_blank\" href=\"https:\/\/www.contexte.com\/\" rel=\"noopener\">Contexte<\/a><\/strong>.<\/p>\n","protected":false},"excerpt":{"rendered":"Sans aucun doute, c\u2019est sur l\u2019Ukraine et les questions de d\u00e9fense au sein de l\u2019Otan, que les voltefaces&hellip;\n","protected":false},"author":2,"featured_media":65199,"comment_status":"","ping_status":"","sticky":false,"template":"","format":"standard","meta":{"footnotes":""},"categories":[1586],"tags":[2361,11,554,75,73,1777,674,1011,27,12,136,25,220],"class_list":{"0":"post-65198","1":"post","2":"type-post","3":"status-publish","4":"format-standard","5":"has-post-thumbnail","7":"category-europe","8":"tag-accents-deurope","9":"tag-actualites","10":"tag-defense","11":"tag-donald-trump","12":"tag-etats-unis","13":"tag-eu","14":"tag-europe","15":"tag-fr","16":"tag-france","17":"tag-news","18":"tag-otan","19":"tag-republique-francaise","20":"tag-ukraine"},"share_on_mastodon":{"url":"https:\/\/pubeurope.com\/@fr\/114428738520085004","error":""},"_links":{"self":[{"href":"https:\/\/www.europesays.com\/fr\/wp-json\/wp\/v2\/posts\/65198","targetHints":{"allow":["GET"]}}],"collection":[{"href":"https:\/\/www.europesays.com\/fr\/wp-json\/wp\/v2\/posts"}],"about":[{"href":"https:\/\/www.europesays.com\/fr\/wp-json\/wp\/v2\/types\/post"}],"author":[{"embeddable":true,"href":"https:\/\/www.europesays.com\/fr\/wp-json\/wp\/v2\/users\/2"}],"replies":[{"embeddable":true,"href":"https:\/\/www.europesays.com\/fr\/wp-json\/wp\/v2\/comments?post=65198"}],"version-history":[{"count":0,"href":"https:\/\/www.europesays.com\/fr\/wp-json\/wp\/v2\/posts\/65198\/revisions"}],"wp:featuredmedia":[{"embeddable":true,"href":"https:\/\/www.europesays.com\/fr\/wp-json\/wp\/v2\/media\/65199"}],"wp:attachment":[{"href":"https:\/\/www.europesays.com\/fr\/wp-json\/wp\/v2\/media?parent=65198"}],"wp:term":[{"taxonomy":"category","embeddable":true,"href":"https:\/\/www.europesays.com\/fr\/wp-json\/wp\/v2\/categories?post=65198"},{"taxonomy":"post_tag","embeddable":true,"href":"https:\/\/www.europesays.com\/fr\/wp-json\/wp\/v2\/tags?post=65198"}],"curies":[{"name":"wp","href":"https:\/\/api.w.org\/{rel}","templated":true}]}}