{"id":651989,"date":"2026-01-09T15:59:10","date_gmt":"2026-01-09T15:59:10","guid":{"rendered":"https:\/\/www.europesays.com\/fr\/651989\/"},"modified":"2026-01-09T15:59:10","modified_gmt":"2026-01-09T15:59:10","slug":"un-concert-exceptionnel-organise-en-hommage-a-werenoi-le-25-mars-a-laccor-arena-ouest-france","status":"publish","type":"post","link":"https:\/\/www.europesays.com\/fr\/651989\/","title":{"rendered":"Un concert \u00ab exceptionnel \u00bb organis\u00e9 en hommage \u00e0 Werenoi le 25 mars \u00e0 l\u2019Accor Arena &#8211; Ouest-France"},"content":{"rendered":"<ol>\n<li><a href=\"https:\/\/news.google.com\/rss\/articles\/CBMi_gFBVV95cUxPVlVYVUl1OEpLZjB0QlFTR2d1b05PMHdBbEpfVmxoMEFjMU5lUktIbzQ5T0ZKaVVnT1NrMkFIS3VjX3JWVkpmR0FPdXRfcVlJWGE0T0d4b1BzamhzWlNBbGNQZTVHSjBJdTRUTlYyVU5OR1p0bXB3YjJodlhJdTFEczBhMnBEQy1fdFNzZFBIVDZ3TEZNb09OV1plSFUxS29ISWlCQVdFdzlpSWctcGdURkQ4eWZwWm9INEZ5WkRWQm9LYjd0QWFTWEpULWNOT3Bqc3lhSXBTUDEwRkZ2cGNqTEw2MUNSTnJzTUxIaDBsS1loNmNHQnBOYmNQTWhKdw?oc=5\" target=\"_blank\" rel=\"noopener\">Un concert \u00ab exceptionnel \u00bb organis\u00e9 en hommage \u00e0 Werenoi le 25 mars \u00e0 l\u2019Accor Arena<\/a>&nbsp;&nbsp;Ouest-France<\/li>\n<li><a href=\"https:\/\/news.google.com\/rss\/articles\/CBMioAJBVV95cUxNdF9ocXU4dy1WTjVBZ3R4MmtKNEY2ZGtkbWdNWTJlUjBfbnR1UDBEeUYtOVkwWHJvRXNJaTBYVGE4U0plNG5jMHN5elJySHN4bGZyeHR0eUM4RF9HR2ExYjM0TWhuX1IxaF8yLW11ZUxtQnpERkkwQWNzSnVxcnFWM3JpOVJQRlN5TVJWX29WZDJGSmRCc3pNTkZqd1F5alVmQXRXaTdBLVI0MGkxY3B3aWZWTGFDNzJ2VEhhRlFfOXVzQ2dUbWliYV9VT1JhM0tObjN5a29ZQzJZTDYtRlFITFB6Y2F0RFNpSEk2S2M0NFB0cmNWSzZVRmJ2azdmTERHR1pnYmxlbzhKaVBqdWNDV2xxUWdIVmdMcE5rYWJZbVM?oc=5\" target=\"_blank\" rel=\"noopener\">Werenoi : huit mois apr\u00e8s sa mort, un concert hommage \u00e0 l\u2019Accor Arena, un documentaire et des ventes \u00e9normes<\/a>&nbsp;&nbsp;Le Parisien<\/li>\n<li><a href=\"https:\/\/news.google.com\/rss\/articles\/CBMiwwFBVV95cUxPdndycEp0a1BCVzQ0aXFmNExsaEZuZjJaaThBdkduRVltWktnSk9VZXBBUk0xUFd0bU92Z0ZnQkwyMFgyel9BbUhId3UxWmRWek1pcTVsT1ctRFktOHBrSWNfUUwyTGZBSmpMRjJmTE8zMDhVV1Y2am9Hd3FRb0ZqZjAxR1EydU56WEh5cEtteVJIME13cGxQb0EtMUlHZGJzLXFnVHJYX1ZJMkx3YXo2Nm0zc2FIb29pcXlOODI3VTAwVWs?oc=5\" target=\"_blank\" rel=\"noopener\">Des \u00ab grands noms du rap fran\u00e7ais \u00bb rendront hommage \u00e0 Werenoi lors d\u2019un concert \u00e0 Bercy<\/a>&nbsp;&nbsp;Le Figaro<\/li>\n<li><a href=\"https:\/\/news.google.com\/rss\/articles\/CBMisAFBVV95cUxQb0hrcHFXZ1Izb0ZPX2ZFbmJ5WEl0c0Nfc2lGOXd2V1RIaS1OU1ZFU0RudkNsb1lycjU2c1ViRV9XQ0VrNmUwUFAwZERGQkMyTHpkUTlwT2RnYW9vUDFQcGhzcXZoYXVYSDJ5SnV3TUZ4N2YxMWFqRWVudGRzQ3c2ZUhMWjRZWExFcFZPeFZROXFOQ19makxBWkw4dFc5QW9kNmdiQWRuUWhCVWYteV9WVQ?oc=5\" target=\"_blank\" rel=\"noopener\">Un concert en hommage \u00e0 Werenoi pr\u00e9vu \u00e0 Paris en mars<\/a>&nbsp;&nbsp;BFM<\/li>\n<li><a href=\"https:\/\/news.google.com\/rss\/articles\/CBMi0AFBVV95cUxQR3dndDdWVEhJdnNvMnowTS1nTXJJdi1Fel82RnBYYzRQaWRLaHoyQ0NFOUg4MmhCM1Z5dDVtRXU4QWlzd1NFdC00MFJlM1RCOWo5Qi1xZmxnWEY2bEVwdGJwd3lJTEpvQkpHT3o5ZFBidC1LNHlVdS1SZTl3NXF5Z2I5amFBbXhGblNhNjdYQkw2UndoOW9CQk1YQThYS09iVGJDVnItSUlMYkNjOGtVRWducmtYdHZyRnQxVnFqLTM2Wkk4MkRmSEZBWVJKX0th?oc=5\" target=\"_blank\" rel=\"noopener\">La sc\u00e8ne rap hexagonale rendra hommage \u00e0 Werenoi lors d&rsquo;un concert \u00e0 l&rsquo;Accor Arena le 25 mars<\/a>&nbsp;&nbsp;Infoconcert<\/li>\n<\/ol>\n","protected":false},"excerpt":{"rendered":"Un concert \u00ab exceptionnel \u00bb organis\u00e9 en hommage \u00e0 Werenoi le 25 mars \u00e0 l\u2019Accor Arena&nbsp;&nbsp;Ouest-France Werenoi :&hellip;\n","protected":false},"author":2,"featured_media":395849,"comment_status":"","ping_status":"","sticky":false,"template":"","format":"standard","meta":{"footnotes":""},"categories":[1355],"tags":[58,59,1011,27,1361,873],"class_list":{"0":"post-651989","1":"post","2":"type-post","3":"status-publish","4":"format-standard","5":"has-post-thumbnail","7":"category-musique","8":"tag-divertissement","9":"tag-entertainment","10":"tag-fr","11":"tag-france","12":"tag-music","13":"tag-musique"},"share_on_mastodon":{"url":"https:\/\/pubeurope.com\/@fr\/115865974599292179","error":""},"_links":{"self":[{"href":"https:\/\/www.europesays.com\/fr\/wp-json\/wp\/v2\/posts\/651989","targetHints":{"allow":["GET"]}}],"collection":[{"href":"https:\/\/www.europesays.com\/fr\/wp-json\/wp\/v2\/posts"}],"about":[{"href":"https:\/\/www.europesays.com\/fr\/wp-json\/wp\/v2\/types\/post"}],"author":[{"embeddable":true,"href":"https:\/\/www.europesays.com\/fr\/wp-json\/wp\/v2\/users\/2"}],"replies":[{"embeddable":true,"href":"https:\/\/www.europesays.com\/fr\/wp-json\/wp\/v2\/comments?post=651989"}],"version-history":[{"count":0,"href":"https:\/\/www.europesays.com\/fr\/wp-json\/wp\/v2\/posts\/651989\/revisions"}],"wp:featuredmedia":[{"embeddable":true,"href":"https:\/\/www.europesays.com\/fr\/wp-json\/wp\/v2\/media\/395849"}],"wp:attachment":[{"href":"https:\/\/www.europesays.com\/fr\/wp-json\/wp\/v2\/media?parent=651989"}],"wp:term":[{"taxonomy":"category","embeddable":true,"href":"https:\/\/www.europesays.com\/fr\/wp-json\/wp\/v2\/categories?post=651989"},{"taxonomy":"post_tag","embeddable":true,"href":"https:\/\/www.europesays.com\/fr\/wp-json\/wp\/v2\/tags?post=651989"}],"curies":[{"name":"wp","href":"https:\/\/api.w.org\/{rel}","templated":true}]}}