{"id":651992,"date":"2026-01-09T16:01:10","date_gmt":"2026-01-09T16:01:10","guid":{"rendered":"https:\/\/www.europesays.com\/fr\/651992\/"},"modified":"2026-01-09T16:01:10","modified_gmt":"2026-01-09T16:01:10","slug":"ce-petit-agrume-dhiver-booste-votre-microbiote-reduit-linflammation-et-protege-votre-coeur-selon-plusieurs-etudes","status":"publish","type":"post","link":"https:\/\/www.europesays.com\/fr\/651992\/","title":{"rendered":"Ce petit agrume d&rsquo;hiver booste votre microbiote, r\u00e9duit l\u2019inflammation et prot\u00e8ge votre c\u0153ur, selon plusieurs \u00e9tudes"},"content":{"rendered":"<p>Les <strong>cl\u00e9mentines<\/strong>, comme les autres agrumes, sont<br \/>\nriches en <a href=\"https:\/\/www.pleinevie.fr\/sante\/ce-fruit-dhiver-contient-le-plus-de-vitamine-c-et-ce-nest-pas-lorange-141420.html\" target=\"_blank\" rel=\"noopener\">vitamine C<\/a>, fibres et potassium.<br \/>\nUne seule portion peut couvrir 120 % des apports journaliers<br \/>\nrecommand\u00e9s en vitamine C, tout en apportant environ 70 % du<br \/>\npotassium contenu dans une petite banane. Ces nutriments essentiels<br \/>\nsont associ\u00e9s \u00e0 de nombreux bienfaits pour l\u2019organisme. De<br \/>\nnombreuses \u00e9tudes men\u00e9es entre 2019 et 2025 ont mis en \u00e9vidence<br \/>\nleurs effets sur le microbiote intestinal, l\u2019inflammation et la<br \/>\n<strong>pr\u00e9vention des maladies chroniques<\/strong>. En hiver,<br \/>\nalors que le syst\u00e8me immunitaire est souvent fragilis\u00e9, la<br \/>\nconsommation r\u00e9guli\u00e8re de cl\u00e9mentines pourrait repr\u00e9senter une<br \/>\nstrat\u00e9gie simple et naturelle pour am\u00e9liorer la sant\u00e9 globale.<\/p>\n<p>Les cl\u00e9mentines, un alli\u00e9 pour l\u2019immunit\u00e9 et le microbiote<br \/>\nintestinal<br \/>\nDes flavono\u00efdes aux propri\u00e9t\u00e9s antioxydantes et<br \/>\nanti-inflammatoires<\/p>\n<p>Selon une \u00e9tude publi\u00e9e en 2022 dans la revue Applied<br \/>\nScience, les <strong>flavono\u00efdes<\/strong> pr\u00e9sents dans les<br \/>\ncl\u00e9mentines poss\u00e8dent des propri\u00e9t\u00e9s antioxydantes et<br \/>\nanti-inflammatoires puissantes. Ces compos\u00e9s bioactifs r\u00e9duisent le<br \/>\nstress oxydatif, un ph\u00e9nom\u00e8ne li\u00e9 au vieillissement cellulaire et \u00e0<br \/>\nl\u2019apparition de maladies chroniques. En limitant l\u2019inflammation,<br \/>\nils soutiennent les d\u00e9fenses naturelles de l\u2019organisme et<br \/>\ncontribuent \u00e0 <strong>renforcer le syst\u00e8me immunitaire<\/strong>,<br \/>\nparticuli\u00e8rement sollicit\u00e9 en hiver.<\/p>\n<p>Des fibres et des polyph\u00e9nols qui nourrissent le<br \/>\nmicrobiote<\/p>\n<p>Une \u00e9tude parue en 2025 dans Food Science &amp; Nutrition a<br \/>\nmontr\u00e9 que les fibres et les polyph\u00e9nols contenus dans les<br \/>\ncl\u00e9mentines favorisent la croissance des bact\u00e9ries b\u00e9n\u00e9fiques de<br \/>\nl\u2019intestin, rapporte <a href=\"https:\/\/www.marieclaire.fr\/vous-mangez-des-clementines-tous-les-jours-en-cette-saison-voici-les-effets-sur-votre-corps,1506660.asp\" target=\"_blank\" rel=\"noopener\">Marie Claire<\/a>. En<br \/>\nstimulant la diversit\u00e9 microbienne, ces nutriments participent \u00e0<br \/>\nl\u2019<strong>\u00e9quilibre du microbiote intestinal<\/strong>, essentiel<br \/>\npour une bonne digestion et une meilleure absorption des<br \/>\nnutriments. Un <strong>microbiote sain<\/strong> est \u00e9galement<br \/>\nassoci\u00e9 \u00e0 une r\u00e9duction du risque de maladies m\u00e9taboliques et<br \/>\ninflammatoires.<\/p>\n<p>Une r\u00e9gulation efficace du transit intestinal<\/p>\n<p>Les fibres insolubles pr\u00e9sentes dans les cl\u00e9mentines jouent un<br \/>\nr\u00f4le cl\u00e9 dans la <strong>r\u00e9gulation du transit intestinal<\/strong>.<br \/>\nElles augmentent le volume des selles et facilitent le passage des<br \/>\naliments et des d\u00e9chets dans l\u2019organisme. Cette action m\u00e9canique<br \/>\ncontribue \u00e0 pr\u00e9venir la constipation et \u00e0 maintenir une digestion<br \/>\nfluide. En combinant ces effets avec ceux des polyph\u00e9nols, ce petit<br \/>\n<strong>agrume<\/strong> appara\u00eet comme un fruit complet pour<br \/>\nsoutenir la sant\u00e9 digestive.<\/p>\n<p>Une protection contre les maladies<br \/>\nchroniques et cardiovasculaires<br \/>\nUn risque moindre de syndrome m\u00e9tabolique<\/p>\n<p>Une \u00e9tude publi\u00e9e en 2022 dans la revue Antioxidants a<br \/>\nmontr\u00e9 que la <a href=\"https:\/\/www.pleinevie.fr\/sante\/nutrition\/un-apport-plus-que-suffisant-en-vitamine-c-voici-le-nombre-de-clementines-quil-faut-manger-par-jour-pour-profiter-de-leurs-bienfaits-sante-183347.html\" target=\"_blank\" rel=\"noopener\">consommation r\u00e9guli\u00e8re de<br \/>\ncl\u00e9mentines<\/a> \u00e9tait associ\u00e9e \u00e0 un risque r\u00e9duit de syndrome<br \/>\nm\u00e9tabolique. Ce syndrome, qui combine plusieurs facteurs de risque<br \/>\ncomme l\u2019hypertension, l\u2019exc\u00e8s de graisse abdominale et une glyc\u00e9mie<br \/>\n\u00e9lev\u00e9e, augmente la probabilit\u00e9 de d\u00e9velopper un diab\u00e8te de type 2,<br \/>\ndes maladies cardiaques ou un accident vasculaire c\u00e9r\u00e9bral. Les<br \/>\n<strong>substances bioactives des cl\u00e9mentines<\/strong> semblent<br \/>\nagir en synergie pour limiter ces risques.<\/p>\n<p>Une am\u00e9lioration de la pression art\u00e9rielle et de la fonction<br \/>\nvasculaire<\/p>\n<p>Les flavono\u00efdes contenus dans les cl\u00e9mentines ont \u00e9galement des<br \/>\neffets b\u00e9n\u00e9fiques sur le syst\u00e8me cardiovasculaire. Une \u00e9tude<br \/>\npubli\u00e9e en 2019 dans Oxidative Medicine and Cellular<br \/>\nLongevity a sugg\u00e9r\u00e9 que ces compos\u00e9s pouvaient am\u00e9liorer la<br \/>\npression art\u00e9rielle et la fonction vasculaire. En favorisant une<br \/>\nmeilleure circulation sanguine et en r\u00e9duisant la rigidit\u00e9 des<br \/>\nart\u00e8res, les cl\u00e9mentines contribuent \u00e0 <strong>pr\u00e9venir les<br \/>\nmaladies cardiovasculaires<\/strong>, qui restent l\u2019une des<br \/>\nprincipales causes de mortalit\u00e9 en France.<\/p>\n<p>Une r\u00e9duction du risque de mortalit\u00e9 li\u00e9e au diab\u00e8te et aux<br \/>\ncancers<\/p>\n<p>Enfin, une \u00e9tude parue en 2023 dans le Journal of<br \/>\nNutritional Oncology a r\u00e9v\u00e9l\u00e9 que la consommation r\u00e9guli\u00e8re de<br \/>\ncl\u00e9mentines et d\u2019autres agrumes r\u00e9duisait le risque de mortalit\u00e9<br \/>\ninduit par le diab\u00e8te de type 2, les accidents vasculaires<br \/>\nc\u00e9r\u00e9braux et certains cancers. Les chercheurs ont notamment observ\u00e9<br \/>\nune diminution du risque de cancers des voies respiratoires<br \/>\nsup\u00e9rieures et du syst\u00e8me digestif. Ces r\u00e9sultats confirment que<br \/>\nles cl\u00e9mentines, au-del\u00e0 de leur r\u00f4le nutritionnel, peuvent jouer<br \/>\nun <strong>r\u00f4le protecteur face aux maladies<br \/>\nchroniques<\/strong>.<\/p>\n","protected":false},"excerpt":{"rendered":"Les cl\u00e9mentines, comme les autres agrumes, sont riches en vitamine C, fibres et potassium. Une seule portion peut&hellip;\n","protected":false},"author":2,"featured_media":651993,"comment_status":"","ping_status":"","sticky":false,"template":"","format":"standard","meta":{"footnotes":""},"categories":[10],"tags":[75602,61156,17488,6521,65541,12219,1283,1011,27,72,33377,25444,15864,2513,24326,13718,71,15298,15161],"class_list":{"0":"post-651992","1":"post","2":"type-post","3":"status-publish","4":"format-standard","5":"has-post-thumbnail","7":"category-sante","8":"tag-agrume","9":"tag-booste","10":"tag-ce","11":"tag-coeur","12":"tag-dhiver","13":"tag-et","14":"tag-etudes","15":"tag-fr","16":"tag-france","17":"tag-health","18":"tag-linflammation","19":"tag-microbiote","20":"tag-petit","21":"tag-plusieurs","22":"tag-protege","23":"tag-reduit","24":"tag-sante","25":"tag-selon","26":"tag-votre"},"share_on_mastodon":{"url":"https:\/\/pubeurope.com\/@fr\/115865982381493474","error":""},"_links":{"self":[{"href":"https:\/\/www.europesays.com\/fr\/wp-json\/wp\/v2\/posts\/651992","targetHints":{"allow":["GET"]}}],"collection":[{"href":"https:\/\/www.europesays.com\/fr\/wp-json\/wp\/v2\/posts"}],"about":[{"href":"https:\/\/www.europesays.com\/fr\/wp-json\/wp\/v2\/types\/post"}],"author":[{"embeddable":true,"href":"https:\/\/www.europesays.com\/fr\/wp-json\/wp\/v2\/users\/2"}],"replies":[{"embeddable":true,"href":"https:\/\/www.europesays.com\/fr\/wp-json\/wp\/v2\/comments?post=651992"}],"version-history":[{"count":0,"href":"https:\/\/www.europesays.com\/fr\/wp-json\/wp\/v2\/posts\/651992\/revisions"}],"wp:featuredmedia":[{"embeddable":true,"href":"https:\/\/www.europesays.com\/fr\/wp-json\/wp\/v2\/media\/651993"}],"wp:attachment":[{"href":"https:\/\/www.europesays.com\/fr\/wp-json\/wp\/v2\/media?parent=651992"}],"wp:term":[{"taxonomy":"category","embeddable":true,"href":"https:\/\/www.europesays.com\/fr\/wp-json\/wp\/v2\/categories?post=651992"},{"taxonomy":"post_tag","embeddable":true,"href":"https:\/\/www.europesays.com\/fr\/wp-json\/wp\/v2\/tags?post=651992"}],"curies":[{"name":"wp","href":"https:\/\/api.w.org\/{rel}","templated":true}]}}