{"id":651994,"date":"2026-01-09T16:02:12","date_gmt":"2026-01-09T16:02:12","guid":{"rendered":"https:\/\/www.europesays.com\/fr\/651994\/"},"modified":"2026-01-09T16:02:12","modified_gmt":"2026-01-09T16:02:12","slug":"lentraineur-de-la-melee-thomas-domingo-quittera-pau-en-fin-de-saison-et-pourrait-seloigner-du-rugby-lequipe","status":"publish","type":"post","link":"https:\/\/www.europesays.com\/fr\/651994\/","title":{"rendered":"L&#039;entra\u00eeneur de la m\u00eal\u00e9e Thomas Domingo quittera Pau en fin de saison et pourrait s&#039;\u00e9loigner du rugby &#8211; L&#039;\u00c9quipe"},"content":{"rendered":"<ol>\n<li><a href=\"https:\/\/news.google.com\/rss\/articles\/CBMiuAFBVV95cUxPZDdsRFZMS3VGUHQtTGxZOGE5WWdldFMyalptUzRITGVWTlNzNHZqdVJaVllFS2VGbWxhMWlTb25WUUx4eW94VmJ5YXQyWGI5Q3lpZi1abk1zVEhaRHo1TnVkQ1JKd1lubDlfYVg5cFk4SUpuSzBzY3l5dkw0XzROZHRTdFdIYUFWa1JKaHdySDZPWkc5a0RiZDk2aUd6TzBVemxPdGhiejRqbnhIb085MVMtVUNaNXlf?oc=5\" target=\"_blank\" rel=\"noopener\">L&rsquo;entra\u00eeneur de la m\u00eal\u00e9e Thomas Domingo quittera Pau en fin de saison et pourrait s&rsquo;\u00e9loigner du rugby<\/a>&nbsp;&nbsp;L&rsquo;\u00c9quipe<\/li>\n<li><a href=\"https:\/\/news.google.com\/rss\/articles\/CBMi1wFBVV95cUxNNmlGR3RULVhmbF92bERac19EWjdZNU5YTmtGVkpuRDFpVEJzT3VYTFZvNFJncDBIZTBtdW96TDFpM3NKdDh1WElyX1lZUEExeFNfZVdWZk04aFg5Rnhrd2FtSC1KXzZYMTdSaXgtNy1DT1hCckgwd3NjSVhSVVY5OGtIc00zdy1PazNhMk1kZ1JaUm9qYWU0Um5RRW5kOUo0ZE01bkFfYl9hME96TWhiX0VGXzFwNDFGY2oxYVdDVXZjZU1oMExKYnBhY3d6RG9hdTkzTElJOA?oc=5\" target=\"_blank\" rel=\"noopener\">Rugby &#8211; Top 14 : \u201cSe rapprocher de nos familles en Auvergne\u201d, Thomas Domingo explique pourquoi il quitte la Section Paloise<\/a>&nbsp;&nbsp;La R\u00e9publique des Pyr\u00e9n\u00e9es<\/li>\n<li><a href=\"https:\/\/news.google.com\/rss\/articles\/CBMi8AFBVV95cUxPRkdxR29uT1hPcHlONDRXUTZNcDNTNjBCYzI1cU15V2FoMzhwWUJlZTA4TGFGN1luNE1KaXVZVmVhLUt2SHg0RlVheXVib0hBMm03cjVsbTd5Z1cwclhwWnphSkotSTVGd25KXzFOcUxDM1hLbU1pV2tzMXhKcy16Nks1TEEwU1lJN2lMUUpPRkpKSjZaU0NXc3JGdzY5eUZJbVlKR3Mya2pJOVp1ZDJUMEE4QUpvc0VjazFNVnFCcWlMLVYxZGxnck1VSDBJTjBtSi16VjBDQ0E3UXRtQ0JPbWZtcklXYnVJc0l6RW9SLVk?oc=5\" target=\"_blank\" rel=\"noopener\">Top 14 : l\u2019ancien international Thomas Domingo quittera la Section Paloise \u00e0 la fin de la saison<\/a>&nbsp;&nbsp;Sud Ouest<\/li>\n<li><a href=\"https:\/\/news.google.com\/rss\/articles\/CBMi-wFBVV95cUxQQ0tCd1NjZmRaNTgzY3A3VVlaaGY5NTBsV1pmdWVpUkRjekZQcXJYQ3F4cFpRc3RBVjRZbWZqdFU5QnBteGRyYUVBd3ZRV0RUcEd6V1VsM2M5ZEx0T1VaSmsxVmtFMk81c0JOWENEUGc4LXBrUkdtalY3M2RVS2ZiUnZ4NFlmbU1NTEpqTEFCdHFBSjBTdTNyellzU0NycXYtdmN3Qk0tZTltUnRHamxLdTRMWDEzTVctQnVJcm9tYXhqWDlRVjdlVjFwZHppMFNGSEFVZmhiQWhVMTRsUEUxRHYzaWZ5aDJwUlRheTI5NFcxeXc2ZG1pZ3RCdw?oc=5\" target=\"_blank\" rel=\"noopener\">Top 14 : l&rsquo;ancien pilier de l&rsquo;ASM, Thomas Domingo, va quitter la Section Paloise pour revenir en Auvergne<\/a>&nbsp;&nbsp;La Montagne<\/li>\n<li><a href=\"https:\/\/news.google.com\/rss\/articles\/CBMi1AFBVV95cUxNRXV5Y1ktN0V3NS1sUFEzbjZQbmt2cHJHaGxzRGhPVy0yRm4wSGpmVzZha1EzUXlMcGFPSC01ZzU4ODVsZ1pyRUp1YnQ2NVBCVmViU0wxdTFSeFZ1STMxNXVILTAyanVEM0xHYVlZckdDdkJIV3IxcTdybkVTcHFsR3R0WmVlRG5BN0tSUFRvQUVONF9mdnNCckp1RC1ESUpkU0xhZTZ2ZTJodFo2b0pVTFZ3cmNBNWpSRDdXdWtlZ1gwUXVoMDBTb0VNcDBhMXBmdVpndw?oc=5\" target=\"_blank\" rel=\"noopener\">Section Paloise : Thomas Domingo quittera son poste d&rsquo;entra\u00eeneur de la m\u00eal\u00e9e en fin de saison<\/a>&nbsp;&nbsp;francebleu.fr<\/li>\n<\/ol>\n","protected":false},"excerpt":{"rendered":"L&rsquo;entra\u00eeneur de la m\u00eal\u00e9e Thomas Domingo quittera Pau en fin de saison et pourrait s&rsquo;\u00e9loigner du rugby&nbsp;&nbsp;L&rsquo;\u00c9quipe Rugby&hellip;\n","protected":false},"author":2,"featured_media":651995,"comment_status":"","ping_status":"","sticky":false,"template":"","format":"standard","meta":{"footnotes":""},"categories":[9],"tags":[1011,27,60],"class_list":{"0":"post-651994","1":"post","2":"type-post","3":"status-publish","4":"format-standard","5":"has-post-thumbnail","7":"category-sports","8":"tag-fr","9":"tag-france","10":"tag-sports"},"share_on_mastodon":{"url":"https:\/\/pubeurope.com\/@fr\/115865986319229810","error":""},"_links":{"self":[{"href":"https:\/\/www.europesays.com\/fr\/wp-json\/wp\/v2\/posts\/651994","targetHints":{"allow":["GET"]}}],"collection":[{"href":"https:\/\/www.europesays.com\/fr\/wp-json\/wp\/v2\/posts"}],"about":[{"href":"https:\/\/www.europesays.com\/fr\/wp-json\/wp\/v2\/types\/post"}],"author":[{"embeddable":true,"href":"https:\/\/www.europesays.com\/fr\/wp-json\/wp\/v2\/users\/2"}],"replies":[{"embeddable":true,"href":"https:\/\/www.europesays.com\/fr\/wp-json\/wp\/v2\/comments?post=651994"}],"version-history":[{"count":0,"href":"https:\/\/www.europesays.com\/fr\/wp-json\/wp\/v2\/posts\/651994\/revisions"}],"wp:featuredmedia":[{"embeddable":true,"href":"https:\/\/www.europesays.com\/fr\/wp-json\/wp\/v2\/media\/651995"}],"wp:attachment":[{"href":"https:\/\/www.europesays.com\/fr\/wp-json\/wp\/v2\/media?parent=651994"}],"wp:term":[{"taxonomy":"category","embeddable":true,"href":"https:\/\/www.europesays.com\/fr\/wp-json\/wp\/v2\/categories?post=651994"},{"taxonomy":"post_tag","embeddable":true,"href":"https:\/\/www.europesays.com\/fr\/wp-json\/wp\/v2\/tags?post=651994"}],"curies":[{"name":"wp","href":"https:\/\/api.w.org\/{rel}","templated":true}]}}