{"id":652009,"date":"2026-01-09T16:10:14","date_gmt":"2026-01-09T16:10:14","guid":{"rendered":"https:\/\/www.europesays.com\/fr\/652009\/"},"modified":"2026-01-09T16:10:14","modified_gmt":"2026-01-09T16:10:14","slug":"en-difficulte-en-ligue-2-saint-etienne-piste-jonathan-varane-pour-se-relancer","status":"publish","type":"post","link":"https:\/\/www.europesays.com\/fr\/652009\/","title":{"rendered":"En difficult\u00e9 en Ligue 2, Saint-\u00c9tienne piste Jonathan Varane pour se relancer"},"content":{"rendered":"<p style=\"text-align: justify;\"><strong>LIGUE 2 2025\/2026 \u2013 L\u2019AS Saint-\u00c9tienne a des vues sur Jonathan Varane pour renforcer son milieu de terrain.<\/strong><\/p>\n<p style=\"text-align: justify;\">Comme annonc\u00e9, l\u2019hiver s\u2019annonce chaud du c\u00f4t\u00e9 de l\u2019<strong>AS Saint-\u00c9tienne<\/strong> sur le march\u00e9 des transferts. Alors que les dossiers<strong> Zuriko Davitashvili<\/strong> et <strong>Lucas Stassin<\/strong> risquent de donner des sueurs froides aux supporters st\u00e9phanois jusqu\u2019au 31 janvier, le club s\u2019active pour trouver des renforts \u00e0 m\u00eame de stabiliser un secteur d\u00e9fensif grandement d\u00e9faillant.<\/p>\n<p><a href=\"https:\/\/dicodusport.fr\/blog\/saint-etienne-sur-le-point-de-perdre-un-buteur-zuriko-davitashvili-est-convoite-en-europe\/\" class=\"vlp-link\" title=\"Saint-\u00c9tienne sur le point de perdre un buteur : Zuriko Davitashvili est convoit\u00e9 en Europe\" target=\"_blank\" rel=\"noopener\"><img loading=\"lazy\" decoding=\"async\" style=\"max-width: 792px;\" width=\"792\" height=\"445\" class=\"attachment-800x445 size-800x445 perfmatters-lazy\" alt=\"Saint-\u00c9tienne sur le point de perdre un buteur : Zuriko Davitashvili est convoit\u00e9 en Europe\" src=\"https:\/\/www.europesays.com\/fr\/wp-content\/uploads\/2026\/01\/Saint-Etienne-sur-le-point-de-perdre-un-buteur-Zuriko-Davitashvili-est-convoite-en-Europe.png\"  data-\/><\/p>\n<p>Saint-\u00c9tienne sur le point de perdre un buteur : Zuriko Davitashvili est convoit\u00e9 en Europe<\/p>\n<p>TRANSFERTS FOOTBALL &#8211; Courtis\u00e9 aux quatre coins de l&rsquo;Europe, Zuriko Davitashvili pourrait ne pas terminer la saison \u00e0 Saint-\u00c9tienne.<\/p>\n<p>Lire l&rsquo;article<\/p>\n<p>dicodusport.fr<\/p>\n<p>L\u2019ASSE fonce sur Jonathan Varane<\/p>\n<p style=\"text-align: justify;\">Dans ce cadre, le m\u00e9dia <a href=\"https:\/\/www.envertetcontretous.fr\/articles\/mercato-l-asse-relance-une-piste-en-angleterre-pour-remplacer-ekwah--71793-1.html\" target=\"_blank\" rel=\"noopener\">En vert et contre tous<\/a> annonce ce vendredi que les Verts se penchent \u00e0 nouveau sur un gar\u00e7on d\u00e9j\u00e0 convoit\u00e9 l\u2019\u00e9t\u00e9 dernier : <strong>Jonathan Varane<\/strong>. \u00c2g\u00e9 de 24 ans, le petit fr\u00e8re de l\u2019ancien champion du monde Rapha\u00ebl Varane est depuis un an et demi un pilier des Queens Park Rangers, en Championship.<\/p>\n<p style=\"text-align: justify;\">Arriv\u00e9 en Angleterre apr\u00e8s s\u2019\u00eatre r\u00e9v\u00e9l\u00e9 en Liga 2 avec le <strong>Sporting Gijon<\/strong>, il a imm\u00e9diatement gagn\u00e9 sa place dans le onze. Cette saison, sous les ordres de <strong>Julien St\u00e9phan<\/strong>, il a pris part \u00e0 23 rencontres de championnat.<\/p>\n<p style=\"text-align: justify;\">Reste d\u00e9sormais \u00e0 voir si le club londonien, qui se montre \u00ab\u00a0gourmand financi\u00e8rement\u00a0\u00bb, sera dispos\u00e9 \u00e0 laisser filer son milieu de terrain si pr\u00e9cieux, qui a rejoint l\u2019infirmerie lors de la derni\u00e8re rencontre disput\u00e9e face au Sheffield Wednesday lundi dernier (3-0). En cas d\u2019\u00e9chec dans ce dossier, le board st\u00e9phanois dispose de plusieurs autres noms sous le coude pour trouver la perle rare.<\/p>\n<blockquote class=\"twitter-tweet\">\n<p dir=\"ltr\" lang=\"fr\">\ud83d\udea8 L\u2019ASSE aurait RELANC\u00c9 la piste Jonathan Varane ! \ud83d\udc9a\ud83e\udd0d<\/p>\n<p>QPR (D2 \ud83c\udff4\udb40\udc67\udb40\udc62\udb40\udc65\udb40\udc6e\udb40\udc67\udb40\udc7f) n\u2019est pas contre un d\u00e9part de son milieu de terrain mais se montre gourmant financi\u00e8rement. \ud83e\udd11<\/p>\n<p>(<a href=\"https:\/\/twitter.com\/Site_Evect?ref_src=twsrc%5Etfw\" target=\"_blank\" rel=\"noopener\">@Site_Evect<\/a>) <a href=\"https:\/\/t.co\/koiSNGDXf2\">pic.twitter.com\/koiSNGDXf2<\/a><\/p>\n<p>\u2014 Actu Ligue 2 (@L2Actu_) <a href=\"https:\/\/twitter.com\/L2Actu_\/status\/2009588790906827015?ref_src=twsrc%5Etfw\" target=\"_blank\" rel=\"noopener\">January 9, 2026<\/a><\/p>\n<\/blockquote>\n<p>\t\t\t\t\t\t\t\t\t\t\t\t\t<script async src=\"https:\/\/platform.twitter.com\/widgets.js\" charset=\"utf-8\"><\/script><\/p>\n","protected":false},"excerpt":{"rendered":"LIGUE 2 2025\/2026 \u2013 L\u2019AS Saint-\u00c9tienne a des vues sur Jonathan Varane pour renforcer son milieu de terrain.&hellip;\n","protected":false},"author":2,"featured_media":652010,"comment_status":"","ping_status":"","sticky":false,"template":"","format":"standard","meta":{"footnotes":""},"categories":[9653],"tags":[1111,11,461,2430,2113,1777,674,1011,27,446,12,25,4001],"class_list":{"0":"post-652009","1":"post","2":"type-post","3":"status-publish","4":"format-standard","5":"has-post-thumbnail","7":"category-saint-etienne","8":"tag-actu","9":"tag-actualites","10":"tag-asse","11":"tag-auvergne-rhone-alpes","12":"tag-breve","13":"tag-eu","14":"tag-europe","15":"tag-fr","16":"tag-france","17":"tag-ligue-2","18":"tag-news","19":"tag-republique-francaise","20":"tag-saint-etienne"},"share_on_mastodon":{"url":"https:\/\/pubeurope.com\/@fr\/115866017897688376","error":""},"_links":{"self":[{"href":"https:\/\/www.europesays.com\/fr\/wp-json\/wp\/v2\/posts\/652009","targetHints":{"allow":["GET"]}}],"collection":[{"href":"https:\/\/www.europesays.com\/fr\/wp-json\/wp\/v2\/posts"}],"about":[{"href":"https:\/\/www.europesays.com\/fr\/wp-json\/wp\/v2\/types\/post"}],"author":[{"embeddable":true,"href":"https:\/\/www.europesays.com\/fr\/wp-json\/wp\/v2\/users\/2"}],"replies":[{"embeddable":true,"href":"https:\/\/www.europesays.com\/fr\/wp-json\/wp\/v2\/comments?post=652009"}],"version-history":[{"count":0,"href":"https:\/\/www.europesays.com\/fr\/wp-json\/wp\/v2\/posts\/652009\/revisions"}],"wp:featuredmedia":[{"embeddable":true,"href":"https:\/\/www.europesays.com\/fr\/wp-json\/wp\/v2\/media\/652010"}],"wp:attachment":[{"href":"https:\/\/www.europesays.com\/fr\/wp-json\/wp\/v2\/media?parent=652009"}],"wp:term":[{"taxonomy":"category","embeddable":true,"href":"https:\/\/www.europesays.com\/fr\/wp-json\/wp\/v2\/categories?post=652009"},{"taxonomy":"post_tag","embeddable":true,"href":"https:\/\/www.europesays.com\/fr\/wp-json\/wp\/v2\/tags?post=652009"}],"curies":[{"name":"wp","href":"https:\/\/api.w.org\/{rel}","templated":true}]}}