{"id":652024,"date":"2026-01-09T16:18:18","date_gmt":"2026-01-09T16:18:18","guid":{"rendered":"https:\/\/www.europesays.com\/fr\/652024\/"},"modified":"2026-01-09T16:18:18","modified_gmt":"2026-01-09T16:18:18","slug":"dans-le-prive-ca-sappelle-une-cessation-de-paiements-luniversite-de-rouen-taille-dans-ses-effectifs-pour-cause-de-deficit","status":"publish","type":"post","link":"https:\/\/www.europesays.com\/fr\/652024\/","title":{"rendered":"\u00ab\u00a0Dans le priv\u00e9, \u00e7a s\u2019appelle une cessation de paiements\u00a0\u00bb\u00a0: l\u2019universit\u00e9 de Rouen taille dans ses effectifs pour cause de d\u00e9ficit"},"content":{"rendered":"<p class=\"\">Assise sur un banc, devant la biblioth\u00e8que des lettres aux carreaux noirs d\u2019un autre \u00e2ge, Sahra m\u00e2chonne son sandwich en consultant son portable. Dans un peu plus d\u2019une heure, la jeune femme \u00e9tudiante en 1re ann\u00e9e \u00e0 l\u2019universit\u00e9 de Rouen Normandie (URN), va passer un partiel d\u2019historiographie. \u00ab C\u2019est l\u2019histoire de l\u2019histoire \u00bb, r\u00e9sume \u00e0 gros traits Sahra, d\u00e9j\u00e0 concentr\u00e9e sur l\u2019\u00e9preuve qui l\u2019attend. Autant dire que les difficult\u00e9s financi\u00e8res que traverse sa facult\u00e9 lui passent carr\u00e9ment au-dessus de la t\u00eate, comme la majorit\u00e9 des \u00e9tudiants crois\u00e9s ce mercredi sur <a href=\"https:\/\/www.leparisien.fr\/seine-maritime-76\/les-etudiants-de-luniversite-de-rouen-a-la-chasse-aux-especes-exotiques-envahissantes-27-02-2024-CLMGG6MOLNHQJN5WPPNBRJOHEM.php\" target=\"_self\" rel=\"noopener\">le vaste campus de Mont-Saint-Aignan <\/a>en banlieue de la ville aux cent clochers.<\/p>\n","protected":false},"excerpt":{"rendered":"Assise sur un banc, devant la biblioth\u00e8que des lettres aux carreaux noirs d\u2019un autre \u00e2ge, Sahra m\u00e2chonne son&hellip;\n","protected":false},"author":2,"featured_media":652025,"comment_status":"","ping_status":"","sticky":false,"template":"","format":"standard","meta":{"footnotes":""},"categories":[9587],"tags":[1111,11,1777,674,1011,27,12,5161,25,9590,104],"class_list":{"0":"post-652024","1":"post","2":"type-post","3":"status-publish","4":"format-standard","5":"has-post-thumbnail","7":"category-rouen","8":"tag-actu","9":"tag-actualites","10":"tag-eu","11":"tag-europe","12":"tag-fr","13":"tag-france","14":"tag-news","15":"tag-normandie","16":"tag-republique-francaise","17":"tag-rouen","18":"tag-societe"},"share_on_mastodon":{"url":"https:\/\/pubeurope.com\/@fr\/115866049215312992","error":""},"_links":{"self":[{"href":"https:\/\/www.europesays.com\/fr\/wp-json\/wp\/v2\/posts\/652024","targetHints":{"allow":["GET"]}}],"collection":[{"href":"https:\/\/www.europesays.com\/fr\/wp-json\/wp\/v2\/posts"}],"about":[{"href":"https:\/\/www.europesays.com\/fr\/wp-json\/wp\/v2\/types\/post"}],"author":[{"embeddable":true,"href":"https:\/\/www.europesays.com\/fr\/wp-json\/wp\/v2\/users\/2"}],"replies":[{"embeddable":true,"href":"https:\/\/www.europesays.com\/fr\/wp-json\/wp\/v2\/comments?post=652024"}],"version-history":[{"count":0,"href":"https:\/\/www.europesays.com\/fr\/wp-json\/wp\/v2\/posts\/652024\/revisions"}],"wp:featuredmedia":[{"embeddable":true,"href":"https:\/\/www.europesays.com\/fr\/wp-json\/wp\/v2\/media\/652025"}],"wp:attachment":[{"href":"https:\/\/www.europesays.com\/fr\/wp-json\/wp\/v2\/media?parent=652024"}],"wp:term":[{"taxonomy":"category","embeddable":true,"href":"https:\/\/www.europesays.com\/fr\/wp-json\/wp\/v2\/categories?post=652024"},{"taxonomy":"post_tag","embeddable":true,"href":"https:\/\/www.europesays.com\/fr\/wp-json\/wp\/v2\/tags?post=652024"}],"curies":[{"name":"wp","href":"https:\/\/api.w.org\/{rel}","templated":true}]}}