{"id":652026,"date":"2026-01-09T16:19:14","date_gmt":"2026-01-09T16:19:14","guid":{"rendered":"https:\/\/www.europesays.com\/fr\/652026\/"},"modified":"2026-01-09T16:19:14","modified_gmt":"2026-01-09T16:19:14","slug":"grenoble-tous-les-medecins-de-cette-clinique-se-mettent-en-greve-on-arrive-au-bout","status":"publish","type":"post","link":"https:\/\/www.europesays.com\/fr\/652026\/","title":{"rendered":"Grenoble. Tous les m\u00e9decins de cette clinique se mettent en gr\u00e8ve : \u00ab\u00a0On arrive au bout\u00a0\u00bb"},"content":{"rendered":"<p>                    Par<br \/>\n        <strong><br \/>\n            <a href=\"https:\/\/actu.fr\/auteur\/lisa-rodrigues\" title=\"Consulter tous les articles de Lisa Rodrigues\" target=\"_blank\" rel=\"noopener\">Lisa Rodrigues<\/a><br \/>\n                    <\/strong><\/p>\n<p>        Publi\u00e9 le<\/p>\n<p>            9 janv. 2026 \u00e0 15h11        <\/p>\n<p>Le mouvement a d\u00e9marr\u00e9 lundi 5 janvier dans toute la France : m\u00e9decins de ville et clinique ont enclench\u00e9 <a href=\"https:\/\/actu.fr\/societe\/greve-des-medecins-cabinets-fermes-operations-reportees-ce-qui-attend-les-patients-pendant-10-jours_63649446.html\" target=\"_blank\" rel=\"noopener\">une gr\u00e8ve nationale<\/a> jusqu\u2019au 15 janvier pour d\u00e9noncer des insuffisances dans le budget de la <a href=\"https:\/\/actu.fr\/tag\/securite-sociale\" target=\"_blank\" rel=\"noopener\">S\u00e9curit\u00e9 sociale<\/a>.<br \/>\u00c0 <a href=\"https:\/\/actu.fr\/auvergne-rhone-alpes\/grenoble_38185\" target=\"_blank\" rel=\"noopener\">Grenoble<\/a>, la clinique de Belledonne et une partie de la clinique mutualiste ont rejoint le mouvement. D\u00e8s samedi 10 janvier et jusqu\u2019\u00e0 mercredi 14 janvier, la <strong>clinique des C\u00e8dres<\/strong> \u00e0 \u00c9chirolles va les rejoindre. \u00ab\u00a0De samedi 8 heures jusqu\u2019\u00e0 jeudi matin, la clinique est <strong>quasi en arr\u00eat d\u2019activit\u00e9<\/strong>, sauf pour la maternit\u00e9\u00a0\u00bb qui fonctionne de mani\u00e8re habituelle, confirme \u00e0 actu Grenoble le Dr Guillaume Richalet, pr\u00e9sident-directeur g\u00e9n\u00e9ral de l\u2019\u00e9tablissement.<\/p>\n<p>Des urgences \u00ab\u00a0en mode d\u00e9grad\u00e9\u00a0\u00bb<\/p>\n<p class=\" wall-content\">La clinique des C\u00e8dres ayant un service des urgences, celui-ci fonctionnera pendant ces quatre jours \u00ab\u00a0en mode d\u00e9grad\u00e9\u00a0\u00bb, poursuit le m\u00e9decin. Les 100 m\u00e9decins \u2013 tous lib\u00e9raux \u2013 de l\u2019\u00e9tablissement sont bien gr\u00e9vistes, mais \u00ab\u00a0il y a <strong>des r\u00e9quisitions de la pr\u00e9fecture par l\u2019ARS<\/strong>\u00a0\u00bb pour prendre en charge les urgences vitales.<\/p>\n<p>    <a href=\"https:\/\/www.google.com\/maps\/embed?pb=!1m18!1m12!1m3!1d2813.94857196817!2d5.720629174773973!3d45.147638154506765!2m3!1f0!2f0!3f0!3m2!1i1024!2i768!4f13.1!3m3!1m2!1s0x478a8b48115c7d01%3A0x4d2b74a3580ff17!2sClinique%20des%20C%C3%A8dres!5e0!3m2!1sfr!2sfr!4v1767966031819!5m2!1sfr!2sfr\" title=\"Ouvrie le lien\" target=\"_blank\" rel=\"noopener\">Cliquez ici pour visualiser le contenu<\/a><\/p>\n<p class=\" wall-content\">Et sauf pour ces urgences vitales, \u00ab\u00a0aucun bloc op\u00e9ratoire ne fonctionnera\u00a0\u00bb, insiste le Dr Guillaume Richalet.<\/p>\n<p class=\" wall-content\">En clair, les urgences de la clinique des C\u00e8dres ne fonctionneront qu\u2019avec un praticien de chaque sp\u00e9cialit\u00e9 r\u00e9quisitionn\u00e9 chaque jour de la gr\u00e8ve. Une n\u00e9cessit\u00e9 pour les autorit\u00e9s, pour soutenir le service des urgences du <a href=\"https:\/\/actu.fr\/tag\/chu-grenoble-alpes\" target=\"_blank\" rel=\"noopener\">CHU de Grenoble<\/a> d\u00e9j\u00e0 surcharg\u00e9.<\/p>\n<p>\u00ab\u00a0Financi\u00e8rement, on ne tourne plus\u00a0\u00bb<\/p>\n<p class=\" wall-content\">Si <strong>l\u2019ensemble des m\u00e9decins des C\u00e8dres sont en gr\u00e8ve<\/strong>, c\u2019est parce qu\u2019ils n\u2019arrivent plus \u00e0 assurer correctement leurs missions.<\/p>\n<blockquote class=\"ac-article-quote wall-content\">\n<p>On n&rsquo;est pas un grand groupe financier. Ce sont les m\u00e9decins qui g\u00e8rent \u00e0 bout de bras la clinique. Financi\u00e8rement, on ne tourne plus.<\/p>\n<p>    <strong>Dr Guillaume Richalet<\/strong><br \/>\n        Pr\u00e9sident-directeur g\u00e9n\u00e9ral de la clinique des C\u00e8dres    <\/p><\/blockquote>\n<p>Votre r\u00e9gion, votre actu !<\/p>\n<p>Recevez chaque jour les infos qui comptent pour vous.<\/p>\n<p>\t<a href=\"https:\/\/actu.fr\/newsletter\" class=\"ac-btn ac-btn--corner ac-btn--medium ac-btn--blue800\" target=\"_blank\" rel=\"noopener\">S&rsquo;incrire<\/a><\/p>\n<p class=\" wall-content\">D\u2019autant que le praticien le souligne, l\u2019activit\u00e9 des C\u00e8dres \u2013 et des cliniques en g\u00e9n\u00e9ral \u00e0 Grenoble \u2013 est indispensable <a href=\"https:\/\/actu.fr\/auvergne-rhone-alpes\/grenoble_38185\/classement-des-hopitaux-2025-voici-ou-se-situent-les-hopitaux-et-cliniques-de-grenoble_63551888.html\" target=\"_blank\" rel=\"noopener\">\u00e0 l\u2019offre de soins<\/a>, alors qu\u2019elles ne re\u00e7oivent qu\u2019une petite partie des aides publiques pour la sant\u00e9.<\/p>\n<p class=\" wall-content\">Quasiment la moiti\u00e9 des passages au bloc (22 000 par an) et un tiers des admissions aux urgences \u00e0 Grenoble (23 000 par an) sont assur\u00e9es aux C\u00e8dres, contre respectivement 27 000 op\u00e9rations et 60 000 admissions annuelles aux urgences pour le CHU, selon le m\u00e9decin.<\/p>\n<p class=\" wall-content\">Or, face \u00e0 l\u2019inflation, notamment pour l\u2019achat de mat\u00e9riel m\u00e9dical, les aides ne suffisent plus. \u00ab\u00a0En 2025, plus de la moiti\u00e9 des \u00e9tablissements priv\u00e9s seront en d\u00e9ficit\u00a0\u00bb, souffle le Dr Richalet.<\/p>\n<p>Vers des cliniques priv\u00e9es \u00ab\u00a0\u00e0 l\u2019am\u00e9ricaine\u00a0\u00bb ?<\/p>\n<p class=\" wall-content\">Une situation qui fait craindre le pire pour le futur de la clinique des C\u00e8dres, alors que <a href=\"https:\/\/actu.fr\/auvergne-rhone-alpes\/grenoble_38185\/grenoble-habitants-du-quartier-et-syndicats-veulent-sauver-leur-clinique-en-grande-difficulte_63301440.html\" target=\"_blank\" rel=\"noopener\">la Mut\u2019<\/a> et la clinique de Chartreuse sont d\u00e9j\u00e0 en redressement judiciaire. \u00ab\u00a0<strong>Je ne veux pas fermer<\/strong>, mais on arrive clairement au bout. On n\u2019a pas de visibilit\u00e9.\u00a0\u00bb<\/p>\n<p class=\" wall-content\">Certes, les <a href=\"https:\/\/actu.fr\/societe\/selon-l-ufc-que-choisir-les-prix-de-ces-medecins-specialistes-s-envolent-dans-le-bas-rhin_60772184.html\" target=\"_blank\" rel=\"noopener\">d\u00e9passements d\u2019honoraires<\/a> sont possibles pour les m\u00e9decins lib\u00e9raux, mais ils sont loin de couvrir les besoins. Et \u00ab\u00a0les forfaits d\u2019hospitalisation sont fix\u00e9s par l\u2019\u00c9tat, rappelle le Dr Richalet. Le risque, c\u2019est que les cliniques priv\u00e9es se restructurent \u00e0 l\u2019am\u00e9ricaine et ne soignent que les patients qui ont les moyens.\u00a0\u00bb<\/p>\n<p>Les revendications<\/p>\n<p class=\" wall-content\">Les m\u00e9decins de la clinique des C\u00e8dres, comme la F\u00e9d\u00e9ration de l\u2019hospitalisation Priv\u00e9e (FHP) et les principaux syndicats du secteur, r\u00e9clament ainsi un montant d\u2019aides publiques \u00ab\u00a0\u00e0 hauteur du poids du secteur priv\u00e9 dans l\u2019activit\u00e9 hospitali\u00e8re\u00a0\u00bb, une \u00ab\u00a0reconnaissance des professionnels de sant\u00e9 salari\u00e9s de l\u2019hospitalisation priv\u00e9e\u00a0\u00bb et des m\u00e9decins lib\u00e9raux.<\/p>\n<p class=\" wall-content\">Car si le budget de la s\u00e9curit\u00e9 sociale a \u00e9t\u00e9 adopt\u00e9 en d\u00e9cembre, d\u2019autres textes sont actuellement \u00e0 l\u2019\u00e9tude au Parlement, notamment sur les <a href=\"https:\/\/actu.fr\/politique\/les-inegalites-grandissent-contre-les-deserts-medicaux-ce-depute-veut-contraindre-les-medecins_62436109.html\" target=\"_blank\" rel=\"noopener\">conditions d\u2019installation<\/a> des m\u00e9decins lib\u00e9raux en France.<\/p>\n<p class=\" wall-content\">Personnalisez votre actualit\u00e9 en ajoutant vos villes et m\u00e9dias en favori avec <a href=\"https:\/\/moncompte.actu.fr\" title=\"D\u00e9couvez Mon Actu\" rel=\"nofollow noopener\" data-trk=\"{&quot;cta&quot;:{&quot;action&quot;:&quot;https:\\\/\\\/moncompte.actu.fr&quot;,&quot;category&quot;:&quot;mon compte&quot;,&quot;from&quot;:&quot;article footer&quot;,&quot;name&quot;:&quot;Mon actu&quot;,&quot;type&quot;:&quot;cta&quot;}}\" target=\"_blank\">Mon Actu<\/a>.<\/p>\n","protected":false},"excerpt":{"rendered":"Par Lisa Rodrigues Publi\u00e9 le 9 janv. 2026 \u00e0 15h11 Le mouvement a d\u00e9marr\u00e9 lundi 5 janvier dans&hellip;\n","protected":false},"author":2,"featured_media":652027,"comment_status":"","ping_status":"","sticky":false,"template":"","format":"standard","meta":{"footnotes":""},"categories":[9566],"tags":[1111,11,2430,1777,674,1011,27,2731,6151,2673,12,25,71,104],"class_list":{"0":"post-652026","1":"post","2":"type-post","3":"status-publish","4":"format-standard","5":"has-post-thumbnail","7":"category-grenoble","8":"tag-actu","9":"tag-actualites","10":"tag-auvergne-rhone-alpes","11":"tag-eu","12":"tag-europe","13":"tag-fr","14":"tag-france","15":"tag-grenoble","16":"tag-greve","17":"tag-medecins","18":"tag-news","19":"tag-republique-francaise","20":"tag-sante","21":"tag-societe"},"share_on_mastodon":{"url":"https:\/\/pubeurope.com\/@fr\/115866053119035054","error":""},"_links":{"self":[{"href":"https:\/\/www.europesays.com\/fr\/wp-json\/wp\/v2\/posts\/652026","targetHints":{"allow":["GET"]}}],"collection":[{"href":"https:\/\/www.europesays.com\/fr\/wp-json\/wp\/v2\/posts"}],"about":[{"href":"https:\/\/www.europesays.com\/fr\/wp-json\/wp\/v2\/types\/post"}],"author":[{"embeddable":true,"href":"https:\/\/www.europesays.com\/fr\/wp-json\/wp\/v2\/users\/2"}],"replies":[{"embeddable":true,"href":"https:\/\/www.europesays.com\/fr\/wp-json\/wp\/v2\/comments?post=652026"}],"version-history":[{"count":0,"href":"https:\/\/www.europesays.com\/fr\/wp-json\/wp\/v2\/posts\/652026\/revisions"}],"wp:featuredmedia":[{"embeddable":true,"href":"https:\/\/www.europesays.com\/fr\/wp-json\/wp\/v2\/media\/652027"}],"wp:attachment":[{"href":"https:\/\/www.europesays.com\/fr\/wp-json\/wp\/v2\/media?parent=652026"}],"wp:term":[{"taxonomy":"category","embeddable":true,"href":"https:\/\/www.europesays.com\/fr\/wp-json\/wp\/v2\/categories?post=652026"},{"taxonomy":"post_tag","embeddable":true,"href":"https:\/\/www.europesays.com\/fr\/wp-json\/wp\/v2\/tags?post=652026"}],"curies":[{"name":"wp","href":"https:\/\/api.w.org\/{rel}","templated":true}]}}