{"id":652028,"date":"2026-01-09T16:20:15","date_gmt":"2026-01-09T16:20:15","guid":{"rendered":"https:\/\/www.europesays.com\/fr\/652028\/"},"modified":"2026-01-09T16:20:15","modified_gmt":"2026-01-09T16:20:15","slug":"metropole-de-grenoble-trois-blesses-legers-lors-dune-collision-entre-un-bus-et-une-voiture-de-police","status":"publish","type":"post","link":"https:\/\/www.europesays.com\/fr\/652028\/","title":{"rendered":"M\u00e9tropole de Grenoble. Trois bless\u00e9s l\u00e9gers lors d&rsquo;une collision entre un bus et une voiture de police"},"content":{"rendered":"<p>Un bus de la soci\u00e9t\u00e9 MTag et une v\u00e9hicule de police sont entr\u00e9s en collision, dans des circonstances qui restent \u00e0 d\u00e9terminer, ce vendredi 9 janvier peu avant 13 heures, \u00e0 l&rsquo;angle du boulevard Jean-Pain (la RD 1090) et de la rue du 19 mars 1962 \u00e0 Grenoble.<\/p>\n<p>Les sapeurs-pompiers sont intervenus en nombre pour porter secours \u00e0 une passag\u00e8re du bus et \u00e0 deux policiers, l\u00e9g\u00e8rement bless\u00e9s.<\/p>\n<p>Ils ont \u00e9t\u00e9 conduits au CHU Grenoble Alpes pour y passer des examens de contr\u00f4le.<\/p>\n","protected":false},"excerpt":{"rendered":"Un bus de la soci\u00e9t\u00e9 MTag et une v\u00e9hicule de police sont entr\u00e9s en collision, dans des circonstances&hellip;\n","protected":false},"author":2,"featured_media":652029,"comment_status":"","ping_status":"","sticky":false,"template":"","format":"standard","meta":{"footnotes":""},"categories":[9566],"tags":[119,1111,11,2430,112,1777,674,274,1011,27,2731,108,12,25],"class_list":{"0":"post-652028","1":"post","2":"type-post","3":"status-publish","4":"format-standard","5":"has-post-thumbnail","7":"category-grenoble","8":"tag-accident","9":"tag-actu","10":"tag-actualites","11":"tag-auvergne-rhone-alpes","12":"tag-edition-grenoble-agglomeration","13":"tag-eu","14":"tag-europe","15":"tag-faits-divers-justice","16":"tag-fr","17":"tag-france","18":"tag-grenoble","19":"tag-isere","20":"tag-news","21":"tag-republique-francaise"},"share_on_mastodon":{"url":"https:\/\/pubeurope.com\/@fr\/115866057057878484","error":""},"_links":{"self":[{"href":"https:\/\/www.europesays.com\/fr\/wp-json\/wp\/v2\/posts\/652028","targetHints":{"allow":["GET"]}}],"collection":[{"href":"https:\/\/www.europesays.com\/fr\/wp-json\/wp\/v2\/posts"}],"about":[{"href":"https:\/\/www.europesays.com\/fr\/wp-json\/wp\/v2\/types\/post"}],"author":[{"embeddable":true,"href":"https:\/\/www.europesays.com\/fr\/wp-json\/wp\/v2\/users\/2"}],"replies":[{"embeddable":true,"href":"https:\/\/www.europesays.com\/fr\/wp-json\/wp\/v2\/comments?post=652028"}],"version-history":[{"count":0,"href":"https:\/\/www.europesays.com\/fr\/wp-json\/wp\/v2\/posts\/652028\/revisions"}],"wp:featuredmedia":[{"embeddable":true,"href":"https:\/\/www.europesays.com\/fr\/wp-json\/wp\/v2\/media\/652029"}],"wp:attachment":[{"href":"https:\/\/www.europesays.com\/fr\/wp-json\/wp\/v2\/media?parent=652028"}],"wp:term":[{"taxonomy":"category","embeddable":true,"href":"https:\/\/www.europesays.com\/fr\/wp-json\/wp\/v2\/categories?post=652028"},{"taxonomy":"post_tag","embeddable":true,"href":"https:\/\/www.europesays.com\/fr\/wp-json\/wp\/v2\/tags?post=652028"}],"curies":[{"name":"wp","href":"https:\/\/api.w.org\/{rel}","templated":true}]}}